{"id":2591,"date":"2017-07-10T16:24:24","date_gmt":"2017-07-10T14:24:24","guid":{"rendered":"https:\/\/ccri.iut-orsay.fr\/informations\/?p=2591"},"modified":"2017-07-16T15:20:35","modified_gmt":"2017-07-16T13:20:35","slug":"mise-a-jour-de-la-plate-forme-pedagogique-moodle-2","status":"publish","type":"post","link":"https:\/\/ccri.iut-orsay.fr\/informations\/2017\/07\/mise-a-jour-de-la-plate-forme-pedagogique-moodle-2\/","title":{"rendered":"Mise \u00e0 jour de la plate-forme p\u00e9dagogique Moodle"},"content":{"rendered":"<p>Bonjour,<\/p>\n<p>La plate-forme p\u00e9dagogique d&rsquo;enseignement Moodle (https:\/\/cours.iut-orsay.fr) sera en maintenance mercredi 12 juillet durant la matin\u00e9e.<\/p>\n<p>L&rsquo;intervention a deux objectifs :<\/p>\n<p>&#8211; Mettre \u00e0 jour de le syst\u00e8me d&rsquo;exploitation du serveur (<strong>Debian Jessie<\/strong> =&gt; <strong>Debian Stretch<\/strong>)<\/p>\n<p>&#8211; Mettre \u00e0 jour la version de Moodle (<strong>3.2<\/strong> =&gt; <strong>3.3<\/strong>)<\/p>\n<p>La plate-forme sera indisponible durant l&rsquo;intervention.<\/p>\n<p>Merci de votre compr\u00e9hension.<\/p>\n<p>Bonne journ\u00e9e.<\/p>\n<p><strong>Mise \u00e0 jour<\/strong> : mercredi 12 juillet &#8211; <strong>13h20<\/strong><\/p>\n<p>La plate-forme a \u00e9t\u00e9 mise \u00e0 jour avec succ\u00e8s.<\/p>\n<p>Le CCRI<\/p>\n","protected":false},"excerpt":{"rendered":"<p>Bonjour, La plate-forme p\u00e9dagogique d&rsquo;enseignement Moodle (https:\/\/cours.iut-orsay.fr) sera en maintenance mercredi 12 juillet durant la matin\u00e9e. L&rsquo;intervention a deux objectifs : &#8211; Mettre \u00e0 jour de le syst\u00e8me d&rsquo;exploitation du serveur (Debian Jessie =&gt; Debian Stretch) &#8211; Mettre \u00e0 jour la version de Moodle (3.2 =&gt; 3.3) La plate-forme sera indisponible durant l&rsquo;intervention. Merci de &#8230; <a title=\"Mise \u00e0 jour de la plate-forme p\u00e9dagogique Moodle\" class=\"read-more\" href=\"https:\/\/ccri.iut-orsay.fr\/informations\/2017\/07\/mise-a-jour-de-la-plate-forme-pedagogique-moodle-2\/\" aria-label=\"En savoir plus sur Mise \u00e0 jour de la plate-forme p\u00e9dagogique Moodle\">Lire la suite<\/a><\/p>\n","protected":false},"author":3,"featured_media":0,"comment_status":"closed","ping_status":"closed","sticky":false,"template":"","format":"standard","meta":{"_crdt_document":"","footnotes":""},"categories":[37,32],"tags":[],"class_list":["post-2591","post","type-post","status-publish","format-standard","hentry","category-maintenance-informatique-iut-orsay","category-maintenance"],"_links":{"self":[{"href":"https:\/\/ccri.iut-orsay.fr\/informations\/wp-json\/wp\/v2\/posts\/2591","targetHints":{"allow":["GET"]}}],"collection":[{"href":"https:\/\/ccri.iut-orsay.fr\/informations\/wp-json\/wp\/v2\/posts"}],"about":[{"href":"https:\/\/ccri.iut-orsay.fr\/informations\/wp-json\/wp\/v2\/types\/post"}],"author":[{"embeddable":true,"href":"https:\/\/ccri.iut-orsay.fr\/informations\/wp-json\/wp\/v2\/users\/3"}],"replies":[{"embeddable":true,"href":"https:\/\/ccri.iut-orsay.fr\/informations\/wp-json\/wp\/v2\/comments?post=2591"}],"version-history":[{"count":1,"href":"https:\/\/ccri.iut-orsay.fr\/informations\/wp-json\/wp\/v2\/posts\/2591\/revisions"}],"predecessor-version":[{"id":2592,"href":"https:\/\/ccri.iut-orsay.fr\/informations\/wp-json\/wp\/v2\/posts\/2591\/revisions\/2592"}],"wp:attachment":[{"href":"https:\/\/ccri.iut-orsay.fr\/informations\/wp-json\/wp\/v2\/media?parent=2591"}],"wp:term":[{"taxonomy":"category","embeddable":true,"href":"https:\/\/ccri.iut-orsay.fr\/informations\/wp-json\/wp\/v2\/categories?post=2591"},{"taxonomy":"post_tag","embeddable":true,"href":"https:\/\/ccri.iut-orsay.fr\/informations\/wp-json\/wp\/v2\/tags?post=2591"}],"curies":[{"name":"wp","href":"https:\/\/api.w.org\/{rel}","templated":true}]}}