{"id":2596,"date":"2017-07-16T19:00:17","date_gmt":"2017-07-16T17:00:17","guid":{"rendered":"https:\/\/ccri.iut-orsay.fr\/informations\/?p=2596"},"modified":"2017-08-07T14:34:44","modified_gmt":"2017-08-07T12:34:44","slug":"mise-a-jour-des-serveurs-11","status":"publish","type":"post","link":"https:\/\/ccri.iut-orsay.fr\/informations\/2017\/07\/mise-a-jour-des-serveurs-11\/","title":{"rendered":"Mise \u00e0 jour des serveurs"},"content":{"rendered":"<p>Bonsoir,<\/p>\n<p>Durant les cong\u00e9s, certains serveurs seront mis \u00e0 jour (mise \u00e0 jour du syst\u00e8me d&rsquo;exploitation : Debian Jessie <strong>8<\/strong> vers Debian Stretch <strong>9<\/strong>).<\/p>\n<p>Pour chaque serveur, l&rsquo;intervention durera environ <strong>1h00 <\/strong>\u00e0<strong> 2h00<\/strong>.<\/p>\n<p>Cet article sera mis \u00e0 jour au fur et \u00e0 mesure, pour que vous puissiez suivre l&rsquo;\u00e9tat d&rsquo;avancement de l&rsquo;intervention.<\/p>\n<p>Merci pour votre compr\u00e9hension.<\/p>\n<p>Bonne soir\u00e9e.<\/p>\n<p>Le CCRI.<\/p>\n<p>&#8211; mardi 18 juillet &#8211; <strong>9h21<\/strong> &#8211; <strong>10h15 <\/strong><\/p>\n<p>Le serveur h\u00e9bergeant l&rsquo;application des pr\u00eats de mat\u00e9riels informatiques a \u00e9t\u00e9 migr\u00e9 sous Debian Stretch.<\/p>\n<p>&#8211; mardi 18 juillet &#8211; <strong>23h28<\/strong> &#8211; <strong>23h54<\/strong><\/p>\n<p>Le serveur h\u00e9bergeant le logiciel d&rsquo;inventaire du parc informatique a \u00e9t\u00e9 migr\u00e9 sous Debian Stretch.<\/p>\n<p>&#8211; samedi 22 juillet &#8211; <strong>8h30<\/strong> &#8211; <strong>10h08<\/strong><\/p>\n<p>Le serveur h\u00e9bergeant le logiciel d&#8217;emploi du temps a \u00e9t\u00e9 migr\u00e9 sous Debian Stretch.<\/p>\n<p>&#8211; samedi 22 juillet &#8211; <strong>10h52<\/strong> &#8211; <strong>12h51<\/strong><\/p>\n<p>Le serveur h\u00e9bergeant le VPN a \u00e9t\u00e9 migr\u00e9 sous Debian Stretch.<\/p>\n<p>&#8211; dimanche 23 juillet &#8211; <strong>12h08<\/strong> &#8211; <strong>12h45<\/strong><\/p>\n<p>Le serveur h\u00e9bergeant la page d&rsquo;informations du C.C.R.I. a \u00e9t\u00e9 migr\u00e9 sous Debian Stretch.<\/p>\n<p>&#8211; dimanche 23 juillet &#8211; <strong>23h59<\/strong> &#8211; <strong>1h04<\/strong><\/p>\n<p>Le serveur h\u00e9bergeant l&rsquo;application GitLab a \u00e9t\u00e9 migr\u00e9 sous Debian Stretch.<\/p>\n<p>&#8211; lundi 24 juillet &#8211; <strong>10h52<\/strong> &#8211; <strong>12h04<\/strong><\/p>\n<p>Le serveur h\u00e9bergeant les applications web (webapps) a \u00e9t\u00e9 migr\u00e9 sous Debian Stretch.<\/p>\n<p>&#8211; lundi 24 juillet &#8211; <strong>14h04<\/strong> &#8211; <strong>14h35<\/strong><\/p>\n<p>Le serveur h\u00e9bergeant le service de d\u00e9ploiement des PC sous linux (preseed) a \u00e9t\u00e9 migr\u00e9 sous Debian Stretch.<\/p>\n<p>&#8211; mardi 25 juillet &#8211; <strong>10h33<\/strong> &#8211; <strong>11h10<\/strong><\/p>\n<p>Le serveur h\u00e9bergeant la base des comptes (OpenLDAP) a \u00e9t\u00e9 migr\u00e9 sous Debian Stretch.<\/p>\n<p>&#8211; mercredi 26 juillet &#8211; <strong>7h34<\/strong> &#8211; <strong>8h05<\/strong><\/p>\n<p>Le serveur h\u00e9bergeant l&rsquo;application des comptes informatiques a \u00e9t\u00e9 migr\u00e9 sous Debian Stretch.<\/p>\n<p>&#8211; mercredi 26 juillet &#8211; <strong>9h25<\/strong> &#8211; <strong>9h44<\/strong><\/p>\n<p>Le serveur h\u00e9bergeant le WebService utilis\u00e9 par l&rsquo;application de saisie des absences \u00e9tudiantes, a \u00e9t\u00e9 migr\u00e9 sous Debian Stretch.<\/p>\n<p>&#8211; mercredi 26 juillet &#8211; <strong>21h34<\/strong> &#8211; <strong>22h30<\/strong><\/p>\n<p>Le serveur h\u00e9bergeant l&rsquo;application Nextcloud (cloud) a \u00e9t\u00e9 migr\u00e9 sous Debian Stretch.<\/p>\n<p>&#8211; samedi 29 juillet &#8211; <strong>21h53<\/strong> &#8211; <strong>22h10<\/strong><\/p>\n<p>Le serveur h\u00e9bergeant le DNS secondaire a \u00e9t\u00e9 migr\u00e9 sous Debian Stretch.<\/p>\n<p>&#8211; dimanche 30 juillet &#8211; <strong>12h19<\/strong> &#8211; <strong>12h40<\/strong><\/p>\n<p>Le serveur qui g\u00e8re la redirection <a href=\"http:\/\/www.iut-orsay.fr\" target=\"_blank\" rel=\"noopener\">http:\/\/www.iut-orsay.fr<\/a> vers le site officiel <a href=\"http:\/\/www.iut-orsay.u-psud.fr\/\" target=\"_blank\" rel=\"noopener\">http:\/\/www.iut-orsay.u-psud.fr\/<\/a> a \u00e9t\u00e9 migr\u00e9 sous Debian Stretch.<\/p>\n<p>&#8211; lundi 31 juillet &#8211; <strong>10h00<\/strong> &#8211; <strong>12h29<\/strong><\/p>\n<p>Le serveur de messagerie h\u00e9bergeant le domaine <em>iut-orsay.fr<\/em> (adresses en @iut-orsay.fr) a \u00e9t\u00e9 migr\u00e9 sous Debian Stretch.<\/p>\n<p>&#8211; mardi 1 ao\u00fbt &#8211; <strong>00h21<\/strong> &#8211; <strong>1h35<\/strong><\/p>\n<p>Le serveur h\u00e9bergeant les blogs \u00e9tudiants a \u00e9t\u00e9 migr\u00e9 sous Debian Stretch.<\/p>\n<p>&#8211; mardi 1 ao\u00fbt &#8211; <strong>13h25<\/strong> &#8211; <strong>14h05<\/strong><\/p>\n<p>Le serveur h\u00e9bergeant la plate-forme de d\u00e9veloppement web pour les \u00e9tudiants (webdev) a \u00e9t\u00e9 migr\u00e9 sous Debian Stretch.<\/p>\n<p>&#8211; mercredi 2 ao\u00fbt &#8211; <strong>12h05<\/strong> &#8211; <strong>13h30<\/strong><\/p>\n<p>Le serveur h\u00e9bergeant les instances Moodle de Gabriel Illouz a \u00e9t\u00e9 migr\u00e9 sous Debian Stretch.<\/p>\n<p>&#8211; mercredi 2 ao\u00fbt &#8211; <strong>16h38<\/strong> &#8211; <strong>17h00<\/strong><\/p>\n<p>Le serveur h\u00e9bergeant le service de sauvegarde (AcroSync) a \u00e9t\u00e9 migr\u00e9 sous Debian Stretch.<\/p>\n<p>&#8211; mercredi 2 ao\u00fbt &#8211; <strong>19h50<\/strong> &#8211; <strong>20h08<\/strong><\/p>\n<p>Le serveur h\u00e9bergeant le service de mise \u00e0 jour des machines sous Linux (apt-cacher-ng) a \u00e9t\u00e9 migr\u00e9 sous Debian Stretch.<\/p>\n<p>&#8211; jeudi 3 ao\u00fbt &#8211; <strong>23h28<\/strong> &#8211; <strong>23h45<\/strong><\/p>\n<p>Le serveur utilis\u00e9 pour les TP de s\u00e9curit\u00e9 informatique (websec) a \u00e9t\u00e9 migr\u00e9 sous Debian Stretch.<\/p>\n<p>&#8211; vendredi 4\u00a0 ao\u00fbt &#8211; <strong>00h28<\/strong> &#8211; <strong>00h45<\/strong><\/p>\n<p>Le serveur acc\u00e9dant au WebService Apog\u00e9e a \u00e9t\u00e9 migr\u00e9 sous Debian Stretch.<\/p>\n<p>&#8211; vendredi 4 ao\u00fbt &#8211; <strong>10h02<\/strong> &#8211; <strong>10h30<\/strong><\/p>\n<p>Le serveur h\u00e9bergeant la plate-forme de test des applications web (webapps.test.iut-orsay.fr) a \u00e9t\u00e9 migr\u00e9 sous Debian Stretch.<\/p>\n<p>&#8211; samedi 5 ao\u00fbt &#8211; <strong>2h36<\/strong> &#8211; <strong>3h04<\/strong><\/p>\n<p>Le serveur h\u00e9bergeant le blog et le wiki <a href=\"http:\/\/www.persay.universite-paris-saclay.fr\/\" target=\"_blank\" rel=\"noopener\">PERSAY <\/a>a \u00e9t\u00e9 migr\u00e9 sous Debian Stretch.<\/p>\n<p>&#8211; dimanche 6 ao\u00fbt &#8211; <strong>23h47<\/strong> &#8211; <strong>00h34<\/strong><\/p>\n<p>Le serveur h\u00e9bergeant le service de statistique web (webstats) a \u00e9t\u00e9 migr\u00e9 sous Debian Stretch.<\/p>\n<p>&#8211; lundi 7 ao\u00fbt &#8211; <strong>11h29<\/strong> &#8211; <strong>12h12<\/strong><\/p>\n<p>Le serveur h\u00e9bergeant l&rsquo;application &lsquo;relations entreprises&rsquo; a \u00e9t\u00e9 migr\u00e9 sous Debian Stretch.<\/p>\n<p>&#8211; lundi 7 ao\u00fbt &#8211; <strong>13h55<\/strong> &#8211; <strong>14h30<\/strong><\/p>\n<p>Le serveur h\u00e9bergeant l&rsquo;application &lsquo;olabo&rsquo; (TP distants) a \u00e9t\u00e9 migr\u00e9 sous Debian Stretch.<\/p>\n","protected":false},"excerpt":{"rendered":"<p>Bonsoir, Durant les cong\u00e9s, certains serveurs seront mis \u00e0 jour (mise \u00e0 jour du syst\u00e8me d&rsquo;exploitation : Debian Jessie 8 vers Debian Stretch 9). Pour chaque serveur, l&rsquo;intervention durera environ 1h00 \u00e0 2h00. Cet article sera mis \u00e0 jour au fur et \u00e0 mesure, pour que vous puissiez suivre l&rsquo;\u00e9tat d&rsquo;avancement de l&rsquo;intervention. Merci pour &#8230; <a title=\"Mise \u00e0 jour des serveurs\" class=\"read-more\" href=\"https:\/\/ccri.iut-orsay.fr\/informations\/2017\/07\/mise-a-jour-des-serveurs-11\/\" aria-label=\"En savoir plus sur Mise \u00e0 jour des serveurs\">Lire la suite<\/a><\/p>\n","protected":false},"author":3,"featured_media":0,"comment_status":"closed","ping_status":"closed","sticky":false,"template":"","format":"standard","meta":{"_crdt_document":"","footnotes":""},"categories":[37,32],"tags":[],"class_list":["post-2596","post","type-post","status-publish","format-standard","hentry","category-maintenance-informatique-iut-orsay","category-maintenance"],"_links":{"self":[{"href":"https:\/\/ccri.iut-orsay.fr\/informations\/wp-json\/wp\/v2\/posts\/2596","targetHints":{"allow":["GET"]}}],"collection":[{"href":"https:\/\/ccri.iut-orsay.fr\/informations\/wp-json\/wp\/v2\/posts"}],"about":[{"href":"https:\/\/ccri.iut-orsay.fr\/informations\/wp-json\/wp\/v2\/types\/post"}],"author":[{"embeddable":true,"href":"https:\/\/ccri.iut-orsay.fr\/informations\/wp-json\/wp\/v2\/users\/3"}],"replies":[{"embeddable":true,"href":"https:\/\/ccri.iut-orsay.fr\/informations\/wp-json\/wp\/v2\/comments?post=2596"}],"version-history":[{"count":32,"href":"https:\/\/ccri.iut-orsay.fr\/informations\/wp-json\/wp\/v2\/posts\/2596\/revisions"}],"predecessor-version":[{"id":2638,"href":"https:\/\/ccri.iut-orsay.fr\/informations\/wp-json\/wp\/v2\/posts\/2596\/revisions\/2638"}],"wp:attachment":[{"href":"https:\/\/ccri.iut-orsay.fr\/informations\/wp-json\/wp\/v2\/media?parent=2596"}],"wp:term":[{"taxonomy":"category","embeddable":true,"href":"https:\/\/ccri.iut-orsay.fr\/informations\/wp-json\/wp\/v2\/categories?post=2596"},{"taxonomy":"post_tag","embeddable":true,"href":"https:\/\/ccri.iut-orsay.fr\/informations\/wp-json\/wp\/v2\/tags?post=2596"}],"curies":[{"name":"wp","href":"https:\/\/api.w.org\/{rel}","templated":true}]}}