{"id":2599,"date":"2017-07-20T15:24:26","date_gmt":"2017-07-20T13:24:26","guid":{"rendered":"https:\/\/ccri.iut-orsay.fr\/informations\/?p=2599"},"modified":"2017-08-01T11:32:55","modified_gmt":"2017-08-01T09:32:55","slug":"mise-a-jour-de-la-plate-forme-collaborative-onlyoffice-6","status":"publish","type":"post","link":"https:\/\/ccri.iut-orsay.fr\/informations\/2017\/07\/mise-a-jour-de-la-plate-forme-collaborative-onlyoffice-6\/","title":{"rendered":"Mise \u00e0 jour de la plate-forme collaborative OnlyOffice"},"content":{"rendered":"<p>Bonjour,<\/p>\n<p>La licence de la plate-forme collaborative OnlyOffice vient d&rsquo;\u00eatre mise en place.<\/p>\n<p>La plate-forme sera mise \u00e0 jour ce soir \u00e0 partir de <strong>19h00<\/strong>.<\/p>\n<p>Durant l&rsquo;intervention, OnlyOffice sera indisponible.<\/p>\n<p>Merci de votre compr\u00e9hension.<\/p>\n<p>Bonne journ\u00e9e.<\/p>\n<p><strong>Mise \u00e0 jour<\/strong> : vendredi 21 juillet &#8211; <strong>10h30<\/strong><\/p>\n<p>La mise \u00e0 jour de la plate-forme collaborative OnlyOffice n&rsquo;a pas fonctionn\u00e9 correctement.<\/p>\n<p>Les composants se sont correctement mis \u00e0 jour, mais la plate-forme \u00e9tait tout de m\u00eame indisponible.<\/p>\n<p>Le probl\u00e8me a \u00e9t\u00e9 signal\u00e9 au support.<\/p>\n<p>En attendant, l&rsquo;ancienne version a \u00e9t\u00e9 remise en place.<\/p>\n<p>D\u00e9sol\u00e9 pour la g\u00eane occasionn\u00e9e.<\/p>\n<p><strong>Mise \u00e0 jour<\/strong> : mardi 2 ao\u00fbt &#8211; <strong>10h35<\/strong><\/p>\n<p>Le support d&rsquo;OnlyOffice est intervenu.<\/p>\n<p>La plate-forme est d\u00e9sormais \u00e0 jour et op\u00e9rationnelle.<\/p>\n<p>Le CCRI<\/p>\n","protected":false},"excerpt":{"rendered":"<p>Bonjour, La licence de la plate-forme collaborative OnlyOffice vient d&rsquo;\u00eatre mise en place. La plate-forme sera mise \u00e0 jour ce soir \u00e0 partir de 19h00. Durant l&rsquo;intervention, OnlyOffice sera indisponible. Merci de votre compr\u00e9hension. Bonne journ\u00e9e. Mise \u00e0 jour : vendredi 21 juillet &#8211; 10h30 La mise \u00e0 jour de la plate-forme collaborative OnlyOffice n&rsquo;a &#8230; <a title=\"Mise \u00e0 jour de la plate-forme collaborative OnlyOffice\" class=\"read-more\" href=\"https:\/\/ccri.iut-orsay.fr\/informations\/2017\/07\/mise-a-jour-de-la-plate-forme-collaborative-onlyoffice-6\/\" aria-label=\"En savoir plus sur Mise \u00e0 jour de la plate-forme collaborative OnlyOffice\">Lire la suite<\/a><\/p>\n","protected":false},"author":3,"featured_media":0,"comment_status":"closed","ping_status":"closed","sticky":false,"template":"","format":"standard","meta":{"_crdt_document":"","footnotes":""},"categories":[38,37,32,31],"tags":[],"class_list":["post-2599","post","type-post","status-publish","format-standard","hentry","category-panne-informatique-iut-orsay","category-maintenance-informatique-iut-orsay","category-maintenance","category-panne"],"_links":{"self":[{"href":"https:\/\/ccri.iut-orsay.fr\/informations\/wp-json\/wp\/v2\/posts\/2599","targetHints":{"allow":["GET"]}}],"collection":[{"href":"https:\/\/ccri.iut-orsay.fr\/informations\/wp-json\/wp\/v2\/posts"}],"about":[{"href":"https:\/\/ccri.iut-orsay.fr\/informations\/wp-json\/wp\/v2\/types\/post"}],"author":[{"embeddable":true,"href":"https:\/\/ccri.iut-orsay.fr\/informations\/wp-json\/wp\/v2\/users\/3"}],"replies":[{"embeddable":true,"href":"https:\/\/ccri.iut-orsay.fr\/informations\/wp-json\/wp\/v2\/comments?post=2599"}],"version-history":[{"count":4,"href":"https:\/\/ccri.iut-orsay.fr\/informations\/wp-json\/wp\/v2\/posts\/2599\/revisions"}],"predecessor-version":[{"id":2623,"href":"https:\/\/ccri.iut-orsay.fr\/informations\/wp-json\/wp\/v2\/posts\/2599\/revisions\/2623"}],"wp:attachment":[{"href":"https:\/\/ccri.iut-orsay.fr\/informations\/wp-json\/wp\/v2\/media?parent=2599"}],"wp:term":[{"taxonomy":"category","embeddable":true,"href":"https:\/\/ccri.iut-orsay.fr\/informations\/wp-json\/wp\/v2\/categories?post=2599"},{"taxonomy":"post_tag","embeddable":true,"href":"https:\/\/ccri.iut-orsay.fr\/informations\/wp-json\/wp\/v2\/tags?post=2599"}],"curies":[{"name":"wp","href":"https:\/\/api.w.org\/{rel}","templated":true}]}}