{"id":3013,"date":"2018-09-10T10:05:18","date_gmt":"2018-09-10T08:05:18","guid":{"rendered":"https:\/\/ccri.iut-orsay.fr\/informations\/?p=3013"},"modified":"2018-09-10T23:40:05","modified_gmt":"2018-09-10T21:40:05","slug":"mise-a-jour-du-lms-moodle-2","status":"publish","type":"post","link":"https:\/\/ccri.iut-orsay.fr\/informations\/2018\/09\/mise-a-jour-du-lms-moodle-2\/","title":{"rendered":"Mise \u00e0 jour du LMS Moodle"},"content":{"rendered":"\n<p class=\"wp-block-paragraph\">Bonjour, <\/p>\n\n\n\n<p class=\"wp-block-paragraph\">L&rsquo;\u00e9quipe de d\u00e9veloppement du LMS Moodle, vient de publier une mise \u00e0 jour corrective. <\/p>\n\n\n\n<p class=\"wp-block-paragraph\">La plate-forme Moodle de l&rsquo;IUT sera donc mise \u00e0 jour ce soir, lundi 10 septembre \u00e0 partir de <strong>23h30<\/strong>.<\/p>\n\n\n\n<p class=\"wp-block-paragraph\">Durant l&rsquo;intervention, l&rsquo;acc\u00e8s \u00e0 la plate-forme sera impossible pendant quelques minutes (<strong>1 \u00e0 2 minutes<\/strong>).<\/p>\n\n\n\n<p class=\"wp-block-paragraph\">Merci de votre compr\u00e9hension.<\/p>\n\n\n\n<p class=\"wp-block-paragraph\">Bonne journ\u00e9e.<\/p>\n\n\n\n<p class=\"wp-block-paragraph\">Le CCRI<\/p>\n\n\n\n<p class=\"wp-block-paragraph\"><strong>Mise \u00e0 jour<\/strong> : lundi 10 septembre 2018 &#8211; <strong>23H39<\/strong><\/p>\n\n\n\n<p class=\"wp-block-paragraph\">Moodle a bien \u00e9t\u00e9 mis \u00e0 jour en version <strong>3.5.2 (Build: 20180910) (2018051702.00)<\/strong><\/p>\n","protected":false},"excerpt":{"rendered":"<p>Bonjour, L&rsquo;\u00e9quipe de d\u00e9veloppement du LMS Moodle, vient de publier une mise \u00e0 jour corrective. La plate-forme Moodle de l&rsquo;IUT sera donc mise \u00e0 jour ce soir, lundi 10 septembre \u00e0 partir de 23h30. Durant l&rsquo;intervention, l&rsquo;acc\u00e8s \u00e0 la plate-forme sera impossible pendant quelques minutes (1 \u00e0 2 minutes). Merci de votre compr\u00e9hension. Bonne journ\u00e9e. &#8230; <a title=\"Mise \u00e0 jour du LMS Moodle\" class=\"read-more\" href=\"https:\/\/ccri.iut-orsay.fr\/informations\/2018\/09\/mise-a-jour-du-lms-moodle-2\/\" aria-label=\"En savoir plus sur Mise \u00e0 jour du LMS Moodle\">Lire la suite<\/a><\/p>\n","protected":false},"author":3,"featured_media":0,"comment_status":"closed","ping_status":"closed","sticky":false,"template":"","format":"standard","meta":{"_crdt_document":"","footnotes":""},"categories":[37,32],"tags":[],"class_list":["post-3013","post","type-post","status-publish","format-standard","hentry","category-maintenance-informatique-iut-orsay","category-maintenance"],"_links":{"self":[{"href":"https:\/\/ccri.iut-orsay.fr\/informations\/wp-json\/wp\/v2\/posts\/3013","targetHints":{"allow":["GET"]}}],"collection":[{"href":"https:\/\/ccri.iut-orsay.fr\/informations\/wp-json\/wp\/v2\/posts"}],"about":[{"href":"https:\/\/ccri.iut-orsay.fr\/informations\/wp-json\/wp\/v2\/types\/post"}],"author":[{"embeddable":true,"href":"https:\/\/ccri.iut-orsay.fr\/informations\/wp-json\/wp\/v2\/users\/3"}],"replies":[{"embeddable":true,"href":"https:\/\/ccri.iut-orsay.fr\/informations\/wp-json\/wp\/v2\/comments?post=3013"}],"version-history":[{"count":4,"href":"https:\/\/ccri.iut-orsay.fr\/informations\/wp-json\/wp\/v2\/posts\/3013\/revisions"}],"predecessor-version":[{"id":3017,"href":"https:\/\/ccri.iut-orsay.fr\/informations\/wp-json\/wp\/v2\/posts\/3013\/revisions\/3017"}],"wp:attachment":[{"href":"https:\/\/ccri.iut-orsay.fr\/informations\/wp-json\/wp\/v2\/media?parent=3013"}],"wp:term":[{"taxonomy":"category","embeddable":true,"href":"https:\/\/ccri.iut-orsay.fr\/informations\/wp-json\/wp\/v2\/categories?post=3013"},{"taxonomy":"post_tag","embeddable":true,"href":"https:\/\/ccri.iut-orsay.fr\/informations\/wp-json\/wp\/v2\/tags?post=3013"}],"curies":[{"name":"wp","href":"https:\/\/api.w.org\/{rel}","templated":true}]}}