{"id":3024,"date":"2018-09-14T08:05:47","date_gmt":"2018-09-14T06:05:47","guid":{"rendered":"https:\/\/ccri.iut-orsay.fr\/informations\/?p=3024"},"modified":"2018-09-15T10:00:09","modified_gmt":"2018-09-15T08:00:09","slug":"mise-a-jour-de-la-plate-forme-de-cloud-de-liut-11","status":"publish","type":"post","link":"https:\/\/ccri.iut-orsay.fr\/informations\/2018\/09\/mise-a-jour-de-la-plate-forme-de-cloud-de-liut-11\/","title":{"rendered":"Mise \u00e0 jour de la plate-forme de &lsquo;cloud&rsquo; de l&rsquo;IUT"},"content":{"rendered":"\n<p class=\"wp-block-paragraph\">Bonjour, <\/p>\n\n\n\n<p class=\"wp-block-paragraph\">Une nouvelle version du logiciel Nextcloud est disponible. <\/p>\n\n\n\n<p class=\"wp-block-paragraph\">La plate-forme de &lsquo;cloud&rsquo; de l&rsquo;IUT sera mise \u00e0 jour ce soir \u00e0 partir de <strong>20h00<\/strong>.<\/p>\n\n\n\n<p class=\"wp-block-paragraph\">Durant la mise \u00e0 jour, la plate-forme sera indisponible.<\/p>\n\n\n\n<p class=\"wp-block-paragraph\">Merci de votre compr\u00e9hension.<\/p>\n\n\n\n<p class=\"wp-block-paragraph\">Bonne journ\u00e9e.<\/p>\n\n\n\n<p class=\"wp-block-paragraph\">Le CCRI<\/p>\n\n\n\n<p class=\"wp-block-paragraph\"><strong>Mise \u00e0 jour<\/strong> : vendredi 14 septembre &#8211; <strong>21h10<\/strong><\/p>\n\n\n\n<p class=\"wp-block-paragraph\">La plate-forme a \u00e9t\u00e9 mise \u00e0 jour vers la version <strong>14.0<\/strong><\/p>\n\n\n\n<p class=\"wp-block-paragraph\">La mise \u00e0 jour du sch\u00e9ma de la base de donn\u00e9es a dur\u00e9 plus de 30 minutes.<\/p>\n","protected":false},"excerpt":{"rendered":"<p>Bonjour, Une nouvelle version du logiciel Nextcloud est disponible. La plate-forme de &lsquo;cloud&rsquo; de l&rsquo;IUT sera mise \u00e0 jour ce soir \u00e0 partir de 20h00. Durant la mise \u00e0 jour, la plate-forme sera indisponible. Merci de votre compr\u00e9hension. Bonne journ\u00e9e. Le CCRI Mise \u00e0 jour : vendredi 14 septembre &#8211; 21h10 La plate-forme a \u00e9t\u00e9 &#8230; <a title=\"Mise \u00e0 jour de la plate-forme de &lsquo;cloud&rsquo; de l&rsquo;IUT\" class=\"read-more\" href=\"https:\/\/ccri.iut-orsay.fr\/informations\/2018\/09\/mise-a-jour-de-la-plate-forme-de-cloud-de-liut-11\/\" aria-label=\"En savoir plus sur Mise \u00e0 jour de la plate-forme de &lsquo;cloud&rsquo; de l&rsquo;IUT\">Lire la suite<\/a><\/p>\n","protected":false},"author":3,"featured_media":0,"comment_status":"closed","ping_status":"closed","sticky":false,"template":"","format":"standard","meta":{"_crdt_document":"","footnotes":""},"categories":[37,32],"tags":[],"class_list":["post-3024","post","type-post","status-publish","format-standard","hentry","category-maintenance-informatique-iut-orsay","category-maintenance"],"_links":{"self":[{"href":"https:\/\/ccri.iut-orsay.fr\/informations\/wp-json\/wp\/v2\/posts\/3024","targetHints":{"allow":["GET"]}}],"collection":[{"href":"https:\/\/ccri.iut-orsay.fr\/informations\/wp-json\/wp\/v2\/posts"}],"about":[{"href":"https:\/\/ccri.iut-orsay.fr\/informations\/wp-json\/wp\/v2\/types\/post"}],"author":[{"embeddable":true,"href":"https:\/\/ccri.iut-orsay.fr\/informations\/wp-json\/wp\/v2\/users\/3"}],"replies":[{"embeddable":true,"href":"https:\/\/ccri.iut-orsay.fr\/informations\/wp-json\/wp\/v2\/comments?post=3024"}],"version-history":[{"count":1,"href":"https:\/\/ccri.iut-orsay.fr\/informations\/wp-json\/wp\/v2\/posts\/3024\/revisions"}],"predecessor-version":[{"id":3025,"href":"https:\/\/ccri.iut-orsay.fr\/informations\/wp-json\/wp\/v2\/posts\/3024\/revisions\/3025"}],"wp:attachment":[{"href":"https:\/\/ccri.iut-orsay.fr\/informations\/wp-json\/wp\/v2\/media?parent=3024"}],"wp:term":[{"taxonomy":"category","embeddable":true,"href":"https:\/\/ccri.iut-orsay.fr\/informations\/wp-json\/wp\/v2\/categories?post=3024"},{"taxonomy":"post_tag","embeddable":true,"href":"https:\/\/ccri.iut-orsay.fr\/informations\/wp-json\/wp\/v2\/tags?post=3024"}],"curies":[{"name":"wp","href":"https:\/\/api.w.org\/{rel}","templated":true}]}}