{"id":3029,"date":"2018-09-25T22:59:20","date_gmt":"2018-09-25T20:59:20","guid":{"rendered":"https:\/\/ccri.iut-orsay.fr\/informations\/?p=3029"},"modified":"2018-09-25T23:17:13","modified_gmt":"2018-09-25T21:17:13","slug":"mise-a-jour-de-la-plate-forme-de-cloud-3","status":"publish","type":"post","link":"https:\/\/ccri.iut-orsay.fr\/informations\/2018\/09\/mise-a-jour-de-la-plate-forme-de-cloud-3\/","title":{"rendered":"Mise \u00e0 jour de la plate-forme de &lsquo;cloud&rsquo;"},"content":{"rendered":"\n<p class=\"wp-block-paragraph\">Bonsoir, <\/p>\n\n\n\n<p class=\"wp-block-paragraph\">Une mise \u00e0 jour corrective du logiciel Nextcloud vient d&rsquo;\u00eatre publi\u00e9 par ses d\u00e9veloppeurs. <\/p>\n\n\n\n<p class=\"wp-block-paragraph\">Nous proc\u00e9derons donc \u00e0 la mise \u00e0 jour de la plate-forme de &lsquo;cloud&rsquo; de l&rsquo;IUT, ce soir \u00e0 partir de <strong>22h45<\/strong>.<\/p>\n\n\n\n<p class=\"wp-block-paragraph\">Durant la mise \u00e0 jour, la plate-forme sera indisponible quelques minutes.<\/p>\n\n\n\n<p class=\"wp-block-paragraph\">Merci de votre compr\u00e9hension.<\/p>\n\n\n\n<p class=\"wp-block-paragraph\">Bonne soir\u00e9e.<\/p>\n\n\n\n<p class=\"wp-block-paragraph\">Le CCRI<\/p>\n\n\n\n<p class=\"wp-block-paragraph\"><strong>Mise \u00e0 jour<\/strong> : mardi 25 septembre 2018 &#8211; <strong>23h15<\/strong><\/p>\n\n\n\n<p class=\"wp-block-paragraph\">La mise \u00e0 jour a \u00e9t\u00e9 effectu\u00e9e avec succ\u00e8s.<\/p>\n","protected":false},"excerpt":{"rendered":"<p>Bonsoir, Une mise \u00e0 jour corrective du logiciel Nextcloud vient d&rsquo;\u00eatre publi\u00e9 par ses d\u00e9veloppeurs. Nous proc\u00e9derons donc \u00e0 la mise \u00e0 jour de la plate-forme de &lsquo;cloud&rsquo; de l&rsquo;IUT, ce soir \u00e0 partir de 22h45. Durant la mise \u00e0 jour, la plate-forme sera indisponible quelques minutes. Merci de votre compr\u00e9hension. Bonne soir\u00e9e. Le CCRI &#8230; <a title=\"Mise \u00e0 jour de la plate-forme de &lsquo;cloud&rsquo;\" class=\"read-more\" href=\"https:\/\/ccri.iut-orsay.fr\/informations\/2018\/09\/mise-a-jour-de-la-plate-forme-de-cloud-3\/\" aria-label=\"En savoir plus sur Mise \u00e0 jour de la plate-forme de &lsquo;cloud&rsquo;\">Lire la suite<\/a><\/p>\n","protected":false},"author":3,"featured_media":0,"comment_status":"closed","ping_status":"closed","sticky":false,"template":"","format":"standard","meta":{"_crdt_document":"","footnotes":""},"categories":[37,32],"tags":[],"class_list":["post-3029","post","type-post","status-publish","format-standard","hentry","category-maintenance-informatique-iut-orsay","category-maintenance"],"_links":{"self":[{"href":"https:\/\/ccri.iut-orsay.fr\/informations\/wp-json\/wp\/v2\/posts\/3029","targetHints":{"allow":["GET"]}}],"collection":[{"href":"https:\/\/ccri.iut-orsay.fr\/informations\/wp-json\/wp\/v2\/posts"}],"about":[{"href":"https:\/\/ccri.iut-orsay.fr\/informations\/wp-json\/wp\/v2\/types\/post"}],"author":[{"embeddable":true,"href":"https:\/\/ccri.iut-orsay.fr\/informations\/wp-json\/wp\/v2\/users\/3"}],"replies":[{"embeddable":true,"href":"https:\/\/ccri.iut-orsay.fr\/informations\/wp-json\/wp\/v2\/comments?post=3029"}],"version-history":[{"count":3,"href":"https:\/\/ccri.iut-orsay.fr\/informations\/wp-json\/wp\/v2\/posts\/3029\/revisions"}],"predecessor-version":[{"id":3032,"href":"https:\/\/ccri.iut-orsay.fr\/informations\/wp-json\/wp\/v2\/posts\/3029\/revisions\/3032"}],"wp:attachment":[{"href":"https:\/\/ccri.iut-orsay.fr\/informations\/wp-json\/wp\/v2\/media?parent=3029"}],"wp:term":[{"taxonomy":"category","embeddable":true,"href":"https:\/\/ccri.iut-orsay.fr\/informations\/wp-json\/wp\/v2\/categories?post=3029"},{"taxonomy":"post_tag","embeddable":true,"href":"https:\/\/ccri.iut-orsay.fr\/informations\/wp-json\/wp\/v2\/tags?post=3029"}],"curies":[{"name":"wp","href":"https:\/\/api.w.org\/{rel}","templated":true}]}}