{"id":3038,"date":"2018-09-26T19:02:29","date_gmt":"2018-09-26T17:02:29","guid":{"rendered":"https:\/\/ccri.iut-orsay.fr\/informations\/?p=3038"},"modified":"2018-10-11T21:54:54","modified_gmt":"2018-10-11T19:54:54","slug":"mise-a-jour-des-equipements-reseaux-2","status":"publish","type":"post","link":"https:\/\/ccri.iut-orsay.fr\/informations\/2018\/09\/mise-a-jour-des-equipements-reseaux-2\/","title":{"rendered":"Mise \u00e0 jour des \u00e9quipements r\u00e9seaux"},"content":{"rendered":"\n<p class=\"wp-block-paragraph\">Bonsoir,<\/p>\n\n\n\n<p class=\"wp-block-paragraph\">Cisco a publi\u00e9, fin septembre, une mise \u00e0 jour corrective pour le syst\u00e8me d&rsquo;exploitation de ses \u00e9quipements r\u00e9seaux.<\/p>\n\n\n\n<p class=\"wp-block-paragraph\">Les \u00e9quipements r\u00e9seaux de chaque b\u00e2timent seront mis \u00e0 jour cette semaine, avant ou apr\u00e8s le d\u00e9but des enseignements.<\/p>\n\n\n\n<p class=\"wp-block-paragraph\">Le red\u00e9marrage entra\u00eenera une coupure du r\u00e9seau pendant <strong>3 <\/strong>\u00e0 <strong>5 minutes<\/strong>.<\/p>\n\n\n\n<p class=\"wp-block-paragraph\">Merci de votre compr\u00e9hension.<\/p>\n\n\n\n<p class=\"wp-block-paragraph\">Bonne soir\u00e9e.<\/p>\n\n\n\n<p class=\"wp-block-paragraph\">Le CCRI.<\/p>\n\n\n\n<p class=\"wp-block-paragraph\"><strong>Mise \u00e0 jour : <\/strong>mercredi 27 septembre &#8211; <strong>18H00<\/strong><\/p>\n\n\n\n<p class=\"wp-block-paragraph\">Les \u00e9quipements r\u00e9seaux du b\u00e2timent B 602 ont \u00e9t\u00e9 mis \u00e0 jour avec succ\u00e8s.<\/p>\n\n\n\n<p class=\"wp-block-paragraph\"><strong>Mise \u00e0 jour :<\/strong> mardi 1 octobre &#8211; <strong>5H30<\/strong><\/p>\n\n\n\n<p class=\"wp-block-paragraph\"><strong><\/strong><\/p>\n\n\n\n<p class=\"wp-block-paragraph\">Les \u00e9quipements r\u00e9seaux de la salle serveur ont \u00e9t\u00e9 mis \u00e0 jour avec succ\u00e8s.<\/p>\n\n\n\n<p class=\"wp-block-paragraph\"><strong>Mise \u00e0 jour :<\/strong> mardi 1 octobre &#8211; <strong>22H00<\/strong><\/p>\n\n\n\n<p class=\"wp-block-paragraph\">Les \u00e9quipements r\u00e9seaux du r\u00e9partiteur du b\u00e2timent I 609 ont \u00e9t\u00e9 mis \u00e0 jour avec succ\u00e8s.<\/p>\n\n\n\n<p class=\"wp-block-paragraph\"><strong>Mise \u00e0 jour<\/strong> : jeudi 4 octobre &#8211; <strong>19H00<\/strong><\/p>\n\n\n\n<p class=\"wp-block-paragraph\">Les \u00e9quipements r\u00e9seaux du b\u00e2timent A 601 ont \u00e9t\u00e9 mis \u00e0 jour avec succ\u00e8s.<\/p>\n\n\n\n<p class=\"wp-block-paragraph\"><strong>Mise \u00e0 jour<\/strong> : jeudi 4 octobre &#8211; <strong>23H55<\/strong><\/p>\n\n\n\n<p class=\"wp-block-paragraph\">Les \u00e9quipements r\u00e9seaux du b\u00e2timent J 610 ont \u00e9t\u00e9 mis \u00e0 jour avec succ\u00e8s.<br\/><\/p>\n\n\n\n<p class=\"wp-block-paragraph\"><strong>Mise \u00e0 jour<\/strong> : mercredi 10 octobre &#8211; <strong>18H00<\/strong><\/p>\n\n\n\n<p class=\"wp-block-paragraph\">Les \u00e9quipements r\u00e9seaux des salles A018 et J220 ont \u00e9t\u00e9 mis \u00e0 jour avec succ\u00e8s.<\/p>\n\n\n\n<p class=\"wp-block-paragraph\"><strong>Mise \u00e0 jour<\/strong> : jeudi 11 octobre &#8211; <strong>16H00<\/strong><\/p>\n\n\n\n<p class=\"wp-block-paragraph\">Les \u00e9quipements r\u00e9seaux du b\u00e2timent D 604 ont \u00e9t\u00e9 mis \u00e0 jour avec succ\u00e8s.<br\/><\/p>\n","protected":false},"excerpt":{"rendered":"<p>Bonsoir, Cisco a publi\u00e9, fin septembre, une mise \u00e0 jour corrective pour le syst\u00e8me d&rsquo;exploitation de ses \u00e9quipements r\u00e9seaux. Les \u00e9quipements r\u00e9seaux de chaque b\u00e2timent seront mis \u00e0 jour cette semaine, avant ou apr\u00e8s le d\u00e9but des enseignements. Le red\u00e9marrage entra\u00eenera une coupure du r\u00e9seau pendant 3 \u00e0 5 minutes. Merci de votre compr\u00e9hension. Bonne &#8230; <a title=\"Mise \u00e0 jour des \u00e9quipements r\u00e9seaux\" class=\"read-more\" href=\"https:\/\/ccri.iut-orsay.fr\/informations\/2018\/09\/mise-a-jour-des-equipements-reseaux-2\/\" aria-label=\"En savoir plus sur Mise \u00e0 jour des \u00e9quipements r\u00e9seaux\">Lire la suite<\/a><\/p>\n","protected":false},"author":3,"featured_media":0,"comment_status":"closed","ping_status":"closed","sticky":false,"template":"","format":"standard","meta":{"_crdt_document":"","footnotes":""},"categories":[26,37,32],"tags":[],"class_list":["post-3038","post","type-post","status-publish","format-standard","hentry","category-information","category-maintenance-informatique-iut-orsay","category-maintenance"],"_links":{"self":[{"href":"https:\/\/ccri.iut-orsay.fr\/informations\/wp-json\/wp\/v2\/posts\/3038","targetHints":{"allow":["GET"]}}],"collection":[{"href":"https:\/\/ccri.iut-orsay.fr\/informations\/wp-json\/wp\/v2\/posts"}],"about":[{"href":"https:\/\/ccri.iut-orsay.fr\/informations\/wp-json\/wp\/v2\/types\/post"}],"author":[{"embeddable":true,"href":"https:\/\/ccri.iut-orsay.fr\/informations\/wp-json\/wp\/v2\/users\/3"}],"replies":[{"embeddable":true,"href":"https:\/\/ccri.iut-orsay.fr\/informations\/wp-json\/wp\/v2\/comments?post=3038"}],"version-history":[{"count":5,"href":"https:\/\/ccri.iut-orsay.fr\/informations\/wp-json\/wp\/v2\/posts\/3038\/revisions"}],"predecessor-version":[{"id":3058,"href":"https:\/\/ccri.iut-orsay.fr\/informations\/wp-json\/wp\/v2\/posts\/3038\/revisions\/3058"}],"wp:attachment":[{"href":"https:\/\/ccri.iut-orsay.fr\/informations\/wp-json\/wp\/v2\/media?parent=3038"}],"wp:term":[{"taxonomy":"category","embeddable":true,"href":"https:\/\/ccri.iut-orsay.fr\/informations\/wp-json\/wp\/v2\/categories?post=3038"},{"taxonomy":"post_tag","embeddable":true,"href":"https:\/\/ccri.iut-orsay.fr\/informations\/wp-json\/wp\/v2\/tags?post=3038"}],"curies":[{"name":"wp","href":"https:\/\/api.w.org\/{rel}","templated":true}]}}