{"id":3047,"date":"2018-10-08T22:45:03","date_gmt":"2018-10-08T20:45:03","guid":{"rendered":"https:\/\/ccri.iut-orsay.fr\/informations\/?p=3047"},"modified":"2018-10-09T06:37:38","modified_gmt":"2018-10-09T04:37:38","slug":"mise-a-jour-des-serveurs-20","status":"publish","type":"post","link":"https:\/\/ccri.iut-orsay.fr\/informations\/2018\/10\/mise-a-jour-des-serveurs-20\/","title":{"rendered":"Mise \u00e0 jour des serveurs"},"content":{"rendered":"\n<p class=\"wp-block-paragraph\">Bonsoir,<\/p>\n\n\n\n<p class=\"wp-block-paragraph\">Le projet Debian vient de publier une mise \u00e0 jour pour le noyau linux de sa distribution GNU Linux.<\/p>\n\n\n\n<p class=\"wp-block-paragraph\">Le routeur de l&rsquo;IUT sera red\u00e9marr\u00e9 ce soir apr\u00e8s 23H00 pour appliquer ce correctif de s\u00e9curit\u00e9.<\/p>\n\n\n\n<p class=\"wp-block-paragraph\">Le reste des serveurs sera red\u00e9marr\u00e9 demain matin.<\/p>\n\n\n\n<p class=\"wp-block-paragraph\">Durant le red\u00e9marrage des serveurs, les ressources informatiques seront indisponibles.<\/p>\n\n\n\n<p class=\"wp-block-paragraph\">Bonne soir\u00e9e.<\/p>\n\n\n\n<p class=\"wp-block-paragraph\">Le CCRI<\/p>\n\n\n\n<p class=\"wp-block-paragraph\"><strong>Mise \u00e0 jour <\/strong>: lundi 8 octobre &#8211; <strong>23H35<\/strong><\/p>\n\n\n\n<p class=\"wp-block-paragraph\">Le retour a bien \u00e9t\u00e9 mis \u00e0 jour.<\/p>\n\n\n\n<p class=\"wp-block-paragraph\"><strong>Mise \u00e0 jour <\/strong>: mardi 9 octobre &#8211; <strong>5H30<\/strong><br\/><\/p>\n\n\n\n<p class=\"wp-block-paragraph\">L&rsquo;ensemble des serveurs a \u00e9t\u00e9 red\u00e9marr\u00e9 avec succ\u00e8s.<\/p>\n\n\n\n<p class=\"wp-block-paragraph\"><\/p>\n","protected":false},"excerpt":{"rendered":"<p>Bonsoir, Le projet Debian vient de publier une mise \u00e0 jour pour le noyau linux de sa distribution GNU Linux. Le routeur de l&rsquo;IUT sera red\u00e9marr\u00e9 ce soir apr\u00e8s 23H00 pour appliquer ce correctif de s\u00e9curit\u00e9. Le reste des serveurs sera red\u00e9marr\u00e9 demain matin. Durant le red\u00e9marrage des serveurs, les ressources informatiques seront indisponibles. Bonne &#8230; <a title=\"Mise \u00e0 jour des serveurs\" class=\"read-more\" href=\"https:\/\/ccri.iut-orsay.fr\/informations\/2018\/10\/mise-a-jour-des-serveurs-20\/\" aria-label=\"En savoir plus sur Mise \u00e0 jour des serveurs\">Lire la suite<\/a><\/p>\n","protected":false},"author":3,"featured_media":0,"comment_status":"closed","ping_status":"closed","sticky":false,"template":"","format":"standard","meta":{"_crdt_document":"","footnotes":""},"categories":[37,32],"tags":[],"class_list":["post-3047","post","type-post","status-publish","format-standard","hentry","category-maintenance-informatique-iut-orsay","category-maintenance"],"_links":{"self":[{"href":"https:\/\/ccri.iut-orsay.fr\/informations\/wp-json\/wp\/v2\/posts\/3047","targetHints":{"allow":["GET"]}}],"collection":[{"href":"https:\/\/ccri.iut-orsay.fr\/informations\/wp-json\/wp\/v2\/posts"}],"about":[{"href":"https:\/\/ccri.iut-orsay.fr\/informations\/wp-json\/wp\/v2\/types\/post"}],"author":[{"embeddable":true,"href":"https:\/\/ccri.iut-orsay.fr\/informations\/wp-json\/wp\/v2\/users\/3"}],"replies":[{"embeddable":true,"href":"https:\/\/ccri.iut-orsay.fr\/informations\/wp-json\/wp\/v2\/comments?post=3047"}],"version-history":[{"count":3,"href":"https:\/\/ccri.iut-orsay.fr\/informations\/wp-json\/wp\/v2\/posts\/3047\/revisions"}],"predecessor-version":[{"id":3051,"href":"https:\/\/ccri.iut-orsay.fr\/informations\/wp-json\/wp\/v2\/posts\/3047\/revisions\/3051"}],"wp:attachment":[{"href":"https:\/\/ccri.iut-orsay.fr\/informations\/wp-json\/wp\/v2\/media?parent=3047"}],"wp:term":[{"taxonomy":"category","embeddable":true,"href":"https:\/\/ccri.iut-orsay.fr\/informations\/wp-json\/wp\/v2\/categories?post=3047"},{"taxonomy":"post_tag","embeddable":true,"href":"https:\/\/ccri.iut-orsay.fr\/informations\/wp-json\/wp\/v2\/tags?post=3047"}],"curies":[{"name":"wp","href":"https:\/\/api.w.org\/{rel}","templated":true}]}}