{"id":3053,"date":"2018-10-11T20:50:47","date_gmt":"2018-10-11T18:50:47","guid":{"rendered":"https:\/\/ccri.iut-orsay.fr\/informations\/?p=3053"},"modified":"2018-10-11T21:50:59","modified_gmt":"2018-10-11T19:50:59","slug":"mise-a-jour-de-la-plate-forme-de-cloud-4","status":"publish","type":"post","link":"https:\/\/ccri.iut-orsay.fr\/informations\/2018\/10\/mise-a-jour-de-la-plate-forme-de-cloud-4\/","title":{"rendered":"Mise \u00e0 jour de la plate-forme de &lsquo;cloud&rsquo;"},"content":{"rendered":"\n<p class=\"wp-block-paragraph\">Bonsoir, <\/p>\n\n\n\n<p class=\"wp-block-paragraph\">L&rsquo;\u00e9diteur du logiciel Nextcloud vient de publier une mise \u00e0 jour corrective pour son outil de &lsquo;cloud&rsquo; (<strong>14.0.2<\/strong>).<\/p>\n\n\n\n<p class=\"wp-block-paragraph\">La plate-forme de l&rsquo;IUT sera mise \u00e0 jour ce soir, \u00e0 partir de <strong>21h30<\/strong>.<\/p>\n\n\n\n<p class=\"wp-block-paragraph\">Durant l&rsquo;op\u00e9ration de mise \u00e0 jour, la plate-forme sera indisponible.<\/p>\n\n\n\n<p class=\"wp-block-paragraph\">Merci de votre compr\u00e9hension.<\/p>\n\n\n\n<p class=\"wp-block-paragraph\">Bonne soir\u00e9e<\/p>\n\n\n\n<p class=\"wp-block-paragraph\">Le CCRI.<\/p>\n\n\n\n<p class=\"wp-block-paragraph\"><strong>Mise \u00e0 jour<\/strong> : jeudi 11 octobre 2018 &#8211; <strong>21h50<\/strong><\/p>\n\n\n\n<p class=\"wp-block-paragraph\">La plate-forme de cloud a \u00e9t\u00e9 mise \u00e0 jour en version <strong>14.0.2<\/strong><\/p>\n\n\n\n<p class=\"wp-block-paragraph\">La mise \u00e0 jour a dur\u00e9 moins de 2 minutes.<br\/><\/p>\n","protected":false},"excerpt":{"rendered":"<p>Bonsoir, L&rsquo;\u00e9diteur du logiciel Nextcloud vient de publier une mise \u00e0 jour corrective pour son outil de &lsquo;cloud&rsquo; (14.0.2). La plate-forme de l&rsquo;IUT sera mise \u00e0 jour ce soir, \u00e0 partir de 21h30. Durant l&rsquo;op\u00e9ration de mise \u00e0 jour, la plate-forme sera indisponible. Merci de votre compr\u00e9hension. Bonne soir\u00e9e Le CCRI. Mise \u00e0 jour : &#8230; <a title=\"Mise \u00e0 jour de la plate-forme de &lsquo;cloud&rsquo;\" class=\"read-more\" href=\"https:\/\/ccri.iut-orsay.fr\/informations\/2018\/10\/mise-a-jour-de-la-plate-forme-de-cloud-4\/\" aria-label=\"En savoir plus sur Mise \u00e0 jour de la plate-forme de &lsquo;cloud&rsquo;\">Lire la suite<\/a><\/p>\n","protected":false},"author":3,"featured_media":0,"comment_status":"closed","ping_status":"closed","sticky":false,"template":"","format":"standard","meta":{"_crdt_document":"","footnotes":""},"categories":[37,32],"tags":[],"class_list":["post-3053","post","type-post","status-publish","format-standard","hentry","category-maintenance-informatique-iut-orsay","category-maintenance"],"_links":{"self":[{"href":"https:\/\/ccri.iut-orsay.fr\/informations\/wp-json\/wp\/v2\/posts\/3053","targetHints":{"allow":["GET"]}}],"collection":[{"href":"https:\/\/ccri.iut-orsay.fr\/informations\/wp-json\/wp\/v2\/posts"}],"about":[{"href":"https:\/\/ccri.iut-orsay.fr\/informations\/wp-json\/wp\/v2\/types\/post"}],"author":[{"embeddable":true,"href":"https:\/\/ccri.iut-orsay.fr\/informations\/wp-json\/wp\/v2\/users\/3"}],"replies":[{"embeddable":true,"href":"https:\/\/ccri.iut-orsay.fr\/informations\/wp-json\/wp\/v2\/comments?post=3053"}],"version-history":[{"count":3,"href":"https:\/\/ccri.iut-orsay.fr\/informations\/wp-json\/wp\/v2\/posts\/3053\/revisions"}],"predecessor-version":[{"id":3056,"href":"https:\/\/ccri.iut-orsay.fr\/informations\/wp-json\/wp\/v2\/posts\/3053\/revisions\/3056"}],"wp:attachment":[{"href":"https:\/\/ccri.iut-orsay.fr\/informations\/wp-json\/wp\/v2\/media?parent=3053"}],"wp:term":[{"taxonomy":"category","embeddable":true,"href":"https:\/\/ccri.iut-orsay.fr\/informations\/wp-json\/wp\/v2\/categories?post=3053"},{"taxonomy":"post_tag","embeddable":true,"href":"https:\/\/ccri.iut-orsay.fr\/informations\/wp-json\/wp\/v2\/tags?post=3053"}],"curies":[{"name":"wp","href":"https:\/\/api.w.org\/{rel}","templated":true}]}}