{"id":3320,"date":"2019-09-10T23:31:54","date_gmt":"2019-09-10T21:31:54","guid":{"rendered":"https:\/\/ccri.iut-orsay.fr\/informations\/?p=3320"},"modified":"2019-09-11T23:18:47","modified_gmt":"2019-09-11T21:18:47","slug":"message-de-la-dsi-concernant-les-problemes-rencontres-sur-les-applications-web","status":"publish","type":"post","link":"https:\/\/ccri.iut-orsay.fr\/informations\/2019\/09\/message-de-la-dsi-concernant-les-problemes-rencontres-sur-les-applications-web\/","title":{"rendered":"Message de la DSI concernant les probl\u00e8mes rencontr\u00e9s sur les applications web"},"content":{"rendered":"\n<p class=\"wp-block-paragraph\">Bonsoir,<\/p>\n\n\n\n<p class=\"wp-block-paragraph\">Pour information, vous trouverez ci-dessous, le message que le Direction de la DSI nous a adress\u00e9 concernant les difficult\u00e9s d&rsquo;acc\u00e8s aux applications web de l&rsquo;Universit\u00e9.<\/p>\n\n\n\n<p class=\"wp-block-paragraph\">Bonne soir\u00e9e.<\/p>\n\n\n\n<p class=\"wp-block-paragraph\">Le CCRI<\/p>\n\n\n\n<p class=\"wp-block-paragraph\"><em>\u00ab\u00a0Depuis plusieurs jours,&nbsp;des&nbsp;services num\u00e9riques de  l&rsquo;universit\u00e9, dont certains tr\u00e8s utilis\u00e9s (Zimbra Dokeos,  authentification centralis\u00e9e) subissent des ralentissements ou des  interruptions intermittentes.<\/em><\/p>\n\n\n\n<p class=\"wp-block-paragraph\"><em> Ces dysfonctionnements sont li\u00e9s \u00e0 la&nbsp;mise&nbsp;en  service&nbsp;mi-juillet&nbsp;d&rsquo;un nouvel \u00e9quipement charg\u00e9 de r\u00e9partir la charge  de travail des serveurs de l&rsquo;universit\u00e9 sur deux environnements afin de  rendre plus fluide l&rsquo;utilisation des services num\u00e9riques de l&rsquo;universit\u00e9  !<\/em><\/p>\n\n\n\n<p class=\"wp-block-paragraph\"><em> Lors du retour des personnels et \u00e9tudiants d\u00e9but  septembre, un dysfonctionnement de cet \u00e9quipement est apparu. Apr\u00e8s  avoir&nbsp;essay\u00e9&nbsp;de corriger le probl\u00e8me sans succ\u00e8s, nous avons fait appel  au service technique du constructeur de cet \u00e9quipement.<\/em><\/p>\n\n\n\n<p class=\"wp-block-paragraph\"><em> Le service technique du constructeur US&nbsp;a&nbsp;caract\u00e9ris\u00e9  et identifi\u00e9 le dysfonctionnement et travaille \u00e0 la r\u00e9solution du  probl\u00e8me depuis plusieurs jours. En attendant cette r\u00e9solution, la DSI a  mis en place une solution de contournement qui a am\u00e9lior\u00e9 la situation  sans pouvoir fournir le service nominal.<\/em><\/p>\n\n\n\n<p class=\"wp-block-paragraph\"><em> Sachez que la DSI travaille \u00e0 la r\u00e9solution de ce dysfonctionnement sans rel\u00e2che en \u00e9troite collaboration avec le constructeur.<\/em><\/p>\n\n\n\n<p class=\"wp-block-paragraph\"> <em>Je vous tiendrai inform\u00e9 de l&rsquo;\u00e9volution de la situation via le site \u00ab\u00a0<\/em><a href=\"http:\/\/informations.di.u-psud.fr\/\">http:\/\/informations.di.u-psud.fr\/<\/a><em>\u00ab\u00a0.<\/em><\/p>\n\n\n\n<p class=\"wp-block-paragraph\"> <em>Merci de votre compr\u00e9hension.<\/em>\u00ab\u00a0<\/p>\n\n\n\n<p class=\"wp-block-paragraph\"><strong>Mise \u00e0 jour<\/strong> : mercredi 11 septembre 2019 : <strong>23h15<\/strong><\/p>\n\n\n\n<p class=\"wp-block-paragraph\">La DSI a jout\u00e9 une information sur sa plate-forme de communication :<\/p>\n\n\n\n<p class=\"wp-block-paragraph\">\u00ab\u00a0<em>Une nouvelle version vient d&rsquo;\u00eatre install\u00e9e sur notre r\u00e9partiteur de charge permettant d&rsquo;esp\u00e9rer une am\u00e9lioration du service.<\/em>\u00ab\u00a0<\/p>\n","protected":false},"excerpt":{"rendered":"<p>Bonsoir, Pour information, vous trouverez ci-dessous, le message que le Direction de la DSI nous a adress\u00e9 concernant les difficult\u00e9s d&rsquo;acc\u00e8s aux applications web de l&rsquo;Universit\u00e9. Bonne soir\u00e9e. Le CCRI \u00ab\u00a0Depuis plusieurs jours,&nbsp;des&nbsp;services num\u00e9riques de l&rsquo;universit\u00e9, dont certains tr\u00e8s utilis\u00e9s (Zimbra Dokeos, authentification centralis\u00e9e) subissent des ralentissements ou des interruptions intermittentes. Ces dysfonctionnements sont li\u00e9s &#8230; <a title=\"Message de la DSI concernant les probl\u00e8mes rencontr\u00e9s sur les applications web\" class=\"read-more\" href=\"https:\/\/ccri.iut-orsay.fr\/informations\/2019\/09\/message-de-la-dsi-concernant-les-problemes-rencontres-sur-les-applications-web\/\" aria-label=\"En savoir plus sur Message de la DSI concernant les probl\u00e8mes rencontr\u00e9s sur les applications web\">Lire la suite<\/a><\/p>\n","protected":false},"author":3,"featured_media":0,"comment_status":"closed","ping_status":"closed","sticky":false,"template":"","format":"standard","meta":{"_crdt_document":"","footnotes":""},"categories":[39,31],"tags":[],"class_list":["post-3320","post","type-post","status-publish","format-standard","hentry","category-panne-informatique-dsi","category-panne"],"_links":{"self":[{"href":"https:\/\/ccri.iut-orsay.fr\/informations\/wp-json\/wp\/v2\/posts\/3320","targetHints":{"allow":["GET"]}}],"collection":[{"href":"https:\/\/ccri.iut-orsay.fr\/informations\/wp-json\/wp\/v2\/posts"}],"about":[{"href":"https:\/\/ccri.iut-orsay.fr\/informations\/wp-json\/wp\/v2\/types\/post"}],"author":[{"embeddable":true,"href":"https:\/\/ccri.iut-orsay.fr\/informations\/wp-json\/wp\/v2\/users\/3"}],"replies":[{"embeddable":true,"href":"https:\/\/ccri.iut-orsay.fr\/informations\/wp-json\/wp\/v2\/comments?post=3320"}],"version-history":[{"count":3,"href":"https:\/\/ccri.iut-orsay.fr\/informations\/wp-json\/wp\/v2\/posts\/3320\/revisions"}],"predecessor-version":[{"id":3323,"href":"https:\/\/ccri.iut-orsay.fr\/informations\/wp-json\/wp\/v2\/posts\/3320\/revisions\/3323"}],"wp:attachment":[{"href":"https:\/\/ccri.iut-orsay.fr\/informations\/wp-json\/wp\/v2\/media?parent=3320"}],"wp:term":[{"taxonomy":"category","embeddable":true,"href":"https:\/\/ccri.iut-orsay.fr\/informations\/wp-json\/wp\/v2\/categories?post=3320"},{"taxonomy":"post_tag","embeddable":true,"href":"https:\/\/ccri.iut-orsay.fr\/informations\/wp-json\/wp\/v2\/tags?post=3320"}],"curies":[{"name":"wp","href":"https:\/\/api.w.org\/{rel}","templated":true}]}}