{"id":4418,"date":"2021-03-04T15:57:00","date_gmt":"2021-03-04T14:57:00","guid":{"rendered":"https:\/\/ccri.iut-orsay.fr\/informations\/?p=4418"},"modified":"2021-03-05T00:01:21","modified_gmt":"2021-03-04T23:01:21","slug":"mise-a-jour-de-la-plateforme-de-cloud-de-liut-10","status":"publish","type":"post","link":"https:\/\/ccri.iut-orsay.fr\/informations\/2021\/03\/mise-a-jour-de-la-plateforme-de-cloud-de-liut-10\/","title":{"rendered":"Mise \u00e0 jour de la plateforme de Cloud de l&rsquo;IUT"},"content":{"rendered":"\n<p class=\"wp-block-paragraph\">Bonjour,<\/p>\n\n\n\n<p class=\"wp-block-paragraph\">Suite \u00e0 la publication d\u2019une version majeure du logiciel Nextcloud, nous proc\u00e9derons ce soir, \u00e0 la mise \u00e0 jour de la plateforme \u00e0 partir de <strong>20h00<\/strong>.<\/p>\n\n\n\n<p class=\"wp-block-paragraph\">Durant la mise \u00e0 jour, il sera impossible d\u2019acc\u00e9der \u00e0 la plateforme.<\/p>\n\n\n\n<p class=\"wp-block-paragraph\">Merci de votre compr\u00e9hension.<\/p>\n\n\n\n<p class=\"wp-block-paragraph\">Bonne journ\u00e9e.<\/p>\n\n\n\n<p class=\"wp-block-paragraph\">Le CCRI.<\/p>\n\n\n\n<p class=\"wp-block-paragraph\"><strong>Mise \u00e0 jour<\/strong> : jeudi 4 mars 2021 : <strong>21h05<\/strong><\/p>\n\n\n\n<p class=\"wp-block-paragraph\">La plateforme Nextcloud a \u00e9t\u00e9 mise \u00e0 jour vers la version <strong>21.0.0<\/strong>. <\/p>\n\n\n\n<p class=\"wp-block-paragraph\">PHP a \u00e9t\u00e9 mis \u00e0 jour en version 7.4 pour suivre les recommandations des d\u00e9veloppeurs.<\/p>\n","protected":false},"excerpt":{"rendered":"<p>Bonjour, Suite \u00e0 la publication d\u2019une version majeure du logiciel Nextcloud, nous proc\u00e9derons ce soir, \u00e0 la mise \u00e0 jour de la plateforme \u00e0 partir de 20h00. Durant la mise \u00e0 jour, il sera impossible d\u2019acc\u00e9der \u00e0 la plateforme. Merci de votre compr\u00e9hension. Bonne journ\u00e9e. Le CCRI. Mise \u00e0 jour : jeudi 4 mars 2021 &#8230; <a title=\"Mise \u00e0 jour de la plateforme de Cloud de l&rsquo;IUT\" class=\"read-more\" href=\"https:\/\/ccri.iut-orsay.fr\/informations\/2021\/03\/mise-a-jour-de-la-plateforme-de-cloud-de-liut-10\/\" aria-label=\"En savoir plus sur Mise \u00e0 jour de la plateforme de Cloud de l&rsquo;IUT\">Lire la suite<\/a><\/p>\n","protected":false},"author":3,"featured_media":0,"comment_status":"closed","ping_status":"closed","sticky":false,"template":"","format":"standard","meta":{"_crdt_document":"","footnotes":""},"categories":[37,32],"tags":[],"class_list":["post-4418","post","type-post","status-publish","format-standard","hentry","category-maintenance-informatique-iut-orsay","category-maintenance"],"_links":{"self":[{"href":"https:\/\/ccri.iut-orsay.fr\/informations\/wp-json\/wp\/v2\/posts\/4418","targetHints":{"allow":["GET"]}}],"collection":[{"href":"https:\/\/ccri.iut-orsay.fr\/informations\/wp-json\/wp\/v2\/posts"}],"about":[{"href":"https:\/\/ccri.iut-orsay.fr\/informations\/wp-json\/wp\/v2\/types\/post"}],"author":[{"embeddable":true,"href":"https:\/\/ccri.iut-orsay.fr\/informations\/wp-json\/wp\/v2\/users\/3"}],"replies":[{"embeddable":true,"href":"https:\/\/ccri.iut-orsay.fr\/informations\/wp-json\/wp\/v2\/comments?post=4418"}],"version-history":[{"count":2,"href":"https:\/\/ccri.iut-orsay.fr\/informations\/wp-json\/wp\/v2\/posts\/4418\/revisions"}],"predecessor-version":[{"id":4421,"href":"https:\/\/ccri.iut-orsay.fr\/informations\/wp-json\/wp\/v2\/posts\/4418\/revisions\/4421"}],"wp:attachment":[{"href":"https:\/\/ccri.iut-orsay.fr\/informations\/wp-json\/wp\/v2\/media?parent=4418"}],"wp:term":[{"taxonomy":"category","embeddable":true,"href":"https:\/\/ccri.iut-orsay.fr\/informations\/wp-json\/wp\/v2\/categories?post=4418"},{"taxonomy":"post_tag","embeddable":true,"href":"https:\/\/ccri.iut-orsay.fr\/informations\/wp-json\/wp\/v2\/tags?post=4418"}],"curies":[{"name":"wp","href":"https:\/\/api.w.org\/{rel}","templated":true}]}}