{"id":4510,"date":"2021-05-02T20:24:00","date_gmt":"2021-05-02T18:24:00","guid":{"rendered":"https:\/\/ccri.iut-orsay.fr\/informations\/?p=4510"},"modified":"2021-05-03T14:31:37","modified_gmt":"2021-05-03T12:31:37","slug":"coupure-de-reseau-informatique-et-telephonique-au-batiment-g-607","status":"publish","type":"post","link":"https:\/\/ccri.iut-orsay.fr\/informations\/2021\/05\/coupure-de-reseau-informatique-et-telephonique-au-batiment-g-607\/","title":{"rendered":"Coupure de r\u00e9seau informatique et t\u00e9l\u00e9phonique au b\u00e2timent G 607"},"content":{"rendered":"\n<p class=\"wp-block-paragraph\">Bonsoir, <\/p>\n\n\n\n<p class=\"wp-block-paragraph\">Nous venons de recevoir une alerte de l&rsquo;outil de supervision des \u00e9quipements r\u00e9seaux de la DSI \u00e0 <strong>19h40<\/strong>.<\/p>\n\n\n\n<p class=\"wp-block-paragraph\">Visiblement, le b\u00e2timent G 607 n&rsquo;est plus aliment\u00e9 en r\u00e9seau informatique et t\u00e9l\u00e9phonique.<\/p>\n\n\n\n<p class=\"wp-block-paragraph\">Il y a probablement une coupure de courant au niveau du b\u00e2timent.<\/p>\n\n\n\n<p class=\"wp-block-paragraph\">Nous allons contacter les coll\u00e8gues de l&rsquo;astreinte.<\/p>\n\n\n\n<p class=\"wp-block-paragraph\">D\u00e9sol\u00e9 pour la g\u00eane occasionn\u00e9e.<\/p>\n\n\n\n<p class=\"wp-block-paragraph\">Bonne soir\u00e9e.<\/p>\n\n\n\n<p class=\"wp-block-paragraph\">Le CCRI.<\/p>\n\n\n\n<p class=\"wp-block-paragraph\"><strong>Mise \u00e0 jour<\/strong> : lundi 3 mai 2021 : <strong>8h30<\/strong><\/p>\n\n\n\n<p class=\"wp-block-paragraph\">Le service technique est en cours d&rsquo;intervention depuis <strong>7h00<\/strong> ce matin.<\/p>\n\n\n\n<p class=\"wp-block-paragraph\"><strong>Mise \u00e0 jour<\/strong> : lundi 3 mai 2021 : <strong>14h30<\/strong><\/p>\n\n\n\n<p class=\"wp-block-paragraph\">Le probl\u00e8me a \u00e9t\u00e9 r\u00e9solu.<\/p>\n","protected":false},"excerpt":{"rendered":"<p>Bonsoir, Nous venons de recevoir une alerte de l&rsquo;outil de supervision des \u00e9quipements r\u00e9seaux de la DSI \u00e0 19h40. Visiblement, le b\u00e2timent G 607 n&rsquo;est plus aliment\u00e9 en r\u00e9seau informatique et t\u00e9l\u00e9phonique. Il y a probablement une coupure de courant au niveau du b\u00e2timent. Nous allons contacter les coll\u00e8gues de l&rsquo;astreinte. D\u00e9sol\u00e9 pour la g\u00eane &#8230; <a title=\"Coupure de r\u00e9seau informatique et t\u00e9l\u00e9phonique au b\u00e2timent G 607\" class=\"read-more\" href=\"https:\/\/ccri.iut-orsay.fr\/informations\/2021\/05\/coupure-de-reseau-informatique-et-telephonique-au-batiment-g-607\/\" aria-label=\"En savoir plus sur Coupure de r\u00e9seau informatique et t\u00e9l\u00e9phonique au b\u00e2timent G 607\">Lire la suite<\/a><\/p>\n","protected":false},"author":4,"featured_media":0,"comment_status":"closed","ping_status":"closed","sticky":false,"template":"","format":"standard","meta":{"_crdt_document":"","footnotes":""},"categories":[20],"tags":[],"class_list":["post-4510","post","type-post","status-publish","format-standard","hentry","category-coupure-electrique"],"_links":{"self":[{"href":"https:\/\/ccri.iut-orsay.fr\/informations\/wp-json\/wp\/v2\/posts\/4510","targetHints":{"allow":["GET"]}}],"collection":[{"href":"https:\/\/ccri.iut-orsay.fr\/informations\/wp-json\/wp\/v2\/posts"}],"about":[{"href":"https:\/\/ccri.iut-orsay.fr\/informations\/wp-json\/wp\/v2\/types\/post"}],"author":[{"embeddable":true,"href":"https:\/\/ccri.iut-orsay.fr\/informations\/wp-json\/wp\/v2\/users\/4"}],"replies":[{"embeddable":true,"href":"https:\/\/ccri.iut-orsay.fr\/informations\/wp-json\/wp\/v2\/comments?post=4510"}],"version-history":[{"count":2,"href":"https:\/\/ccri.iut-orsay.fr\/informations\/wp-json\/wp\/v2\/posts\/4510\/revisions"}],"predecessor-version":[{"id":4514,"href":"https:\/\/ccri.iut-orsay.fr\/informations\/wp-json\/wp\/v2\/posts\/4510\/revisions\/4514"}],"wp:attachment":[{"href":"https:\/\/ccri.iut-orsay.fr\/informations\/wp-json\/wp\/v2\/media?parent=4510"}],"wp:term":[{"taxonomy":"category","embeddable":true,"href":"https:\/\/ccri.iut-orsay.fr\/informations\/wp-json\/wp\/v2\/categories?post=4510"},{"taxonomy":"post_tag","embeddable":true,"href":"https:\/\/ccri.iut-orsay.fr\/informations\/wp-json\/wp\/v2\/tags?post=4510"}],"curies":[{"name":"wp","href":"https:\/\/api.w.org\/{rel}","templated":true}]}}