{"id":5137,"date":"2023-08-21T15:10:00","date_gmt":"2023-08-21T13:10:00","guid":{"rendered":"https:\/\/ccri.iut-orsay.fr\/informations\/?p=5137"},"modified":"2023-08-21T15:20:06","modified_gmt":"2023-08-21T13:20:06","slug":"mise-a-jour-de-la-plateforme-pedagogique-moodle-17","status":"publish","type":"post","link":"https:\/\/ccri.iut-orsay.fr\/informations\/2023\/08\/mise-a-jour-de-la-plateforme-pedagogique-moodle-17\/","title":{"rendered":"Mise \u00e0 jour de la plateforme p\u00e9dagogique &lsquo;Moodle&rsquo;"},"content":{"rendered":"\n<p class=\"wp-block-paragraph\">Bonjour, <\/p>\n\n\n\n<p class=\"wp-block-paragraph\">Suite \u00e0 la publication d&rsquo;une version corrective, la plateforme p\u00e9dagogique &lsquo;Moodle&rsquo; de l&rsquo;IUT va \u00eatre mise \u00e0 jour.<\/p>\n\n\n\n<p class=\"wp-block-paragraph\">Durant la mise \u00e0 jour, il sera impossible d&rsquo;acc\u00e9der \u00e0 la plateforme.<\/p>\n\n\n\n<p class=\"wp-block-paragraph\">Merci de votre compr\u00e9hension.<\/p>\n\n\n\n<p class=\"wp-block-paragraph\">Bonne apr\u00e8s-midi.<\/p>\n\n\n\n<p class=\"wp-block-paragraph\">Le CCRI.<\/p>\n\n\n\n<p class=\"wp-block-paragraph\"><strong>Mise \u00e0 jour<\/strong> : lundi 21 ao\u00fbt 2023 : <strong>15h15<\/strong><\/p>\n\n\n\n<p class=\"wp-block-paragraph\">La plateforme Moodle a bien \u00e9t\u00e9 mise \u00e0 jour en version 4.1.5+ (Build: 20230818) (2022112805.01)<\/p>\n\n\n\n<p class=\"wp-block-paragraph\"><\/p>\n","protected":false},"excerpt":{"rendered":"<p>Bonjour, Suite \u00e0 la publication d&rsquo;une version corrective, la plateforme p\u00e9dagogique &lsquo;Moodle&rsquo; de l&rsquo;IUT va \u00eatre mise \u00e0 jour. Durant la mise \u00e0 jour, il sera impossible d&rsquo;acc\u00e9der \u00e0 la plateforme. Merci de votre compr\u00e9hension. Bonne apr\u00e8s-midi. Le CCRI. Mise \u00e0 jour : lundi 21 ao\u00fbt 2023 : 15h15 La plateforme Moodle a bien \u00e9t\u00e9 &#8230; <a title=\"Mise \u00e0 jour de la plateforme p\u00e9dagogique &lsquo;Moodle&rsquo;\" class=\"read-more\" href=\"https:\/\/ccri.iut-orsay.fr\/informations\/2023\/08\/mise-a-jour-de-la-plateforme-pedagogique-moodle-17\/\" aria-label=\"En savoir plus sur Mise \u00e0 jour de la plateforme p\u00e9dagogique &lsquo;Moodle&rsquo;\">Lire la suite<\/a><\/p>\n","protected":false},"author":4,"featured_media":0,"comment_status":"closed","ping_status":"closed","sticky":false,"template":"","format":"standard","meta":{"_crdt_document":"","footnotes":""},"categories":[37,32],"tags":[],"class_list":["post-5137","post","type-post","status-publish","format-standard","hentry","category-maintenance-informatique-iut-orsay","category-maintenance"],"_links":{"self":[{"href":"https:\/\/ccri.iut-orsay.fr\/informations\/wp-json\/wp\/v2\/posts\/5137","targetHints":{"allow":["GET"]}}],"collection":[{"href":"https:\/\/ccri.iut-orsay.fr\/informations\/wp-json\/wp\/v2\/posts"}],"about":[{"href":"https:\/\/ccri.iut-orsay.fr\/informations\/wp-json\/wp\/v2\/types\/post"}],"author":[{"embeddable":true,"href":"https:\/\/ccri.iut-orsay.fr\/informations\/wp-json\/wp\/v2\/users\/4"}],"replies":[{"embeddable":true,"href":"https:\/\/ccri.iut-orsay.fr\/informations\/wp-json\/wp\/v2\/comments?post=5137"}],"version-history":[{"count":2,"href":"https:\/\/ccri.iut-orsay.fr\/informations\/wp-json\/wp\/v2\/posts\/5137\/revisions"}],"predecessor-version":[{"id":5140,"href":"https:\/\/ccri.iut-orsay.fr\/informations\/wp-json\/wp\/v2\/posts\/5137\/revisions\/5140"}],"wp:attachment":[{"href":"https:\/\/ccri.iut-orsay.fr\/informations\/wp-json\/wp\/v2\/media?parent=5137"}],"wp:term":[{"taxonomy":"category","embeddable":true,"href":"https:\/\/ccri.iut-orsay.fr\/informations\/wp-json\/wp\/v2\/categories?post=5137"},{"taxonomy":"post_tag","embeddable":true,"href":"https:\/\/ccri.iut-orsay.fr\/informations\/wp-json\/wp\/v2\/tags?post=5137"}],"curies":[{"name":"wp","href":"https:\/\/api.w.org\/{rel}","templated":true}]}}