{"id":5214,"date":"2024-02-02T07:46:00","date_gmt":"2024-02-02T06:46:00","guid":{"rendered":"https:\/\/ccri.iut-orsay.fr\/informations\/?p=5214"},"modified":"2024-02-02T21:09:05","modified_gmt":"2024-02-02T20:09:05","slug":"mise-a-jour-de-la-plateforme-de-cloud-de-liut-20","status":"publish","type":"post","link":"https:\/\/ccri.iut-orsay.fr\/informations\/2024\/02\/mise-a-jour-de-la-plateforme-de-cloud-de-liut-20\/","title":{"rendered":"Mise \u00e0 jour de la Plateforme de &lsquo;Cloud&rsquo; de l&rsquo;IUT"},"content":{"rendered":"\n<p class=\"wp-block-paragraph\">Bonjour, <\/p>\n\n\n\n<p class=\"wp-block-paragraph\">La plateforme de &lsquo;cloud&rsquo; de l&rsquo;IUT sera mise \u00e0 jour vers une nouvelle version majeure ce soir, \u00e0 partir de <strong>20h00<\/strong> (Nextcloud <strong>28.0.2<\/strong>).<\/p>\n\n\n\n<p class=\"wp-block-paragraph\">Durant la mise \u00e0 jour de la plateforme, il sera impossible d&rsquo;acc\u00e9der \u00e0 la plateforme.<\/p>\n\n\n\n<p class=\"wp-block-paragraph\">Merci de votre compr\u00e9hension.<\/p>\n\n\n\n<p class=\"wp-block-paragraph\">Bonne journ\u00e9e.<\/p>\n\n\n\n<p class=\"wp-block-paragraph\">Le CCRI<\/p>\n\n\n\n<p class=\"wp-block-paragraph\"><strong>Mise \u00e0 jour<\/strong> : vendredi 2 f\u00e9vrier 2024 : <strong>20h15<\/strong><\/p>\n\n\n\n<p class=\"wp-block-paragraph\">La mise \u00e0 jour de la plateforme Nextcloud est en cours.<\/p>\n\n\n\n<p class=\"wp-block-paragraph\"><strong>Mise \u00e0 jour<\/strong> : vendredi 2 f\u00e9vrier 2024 : <strong>21h00<\/strong><\/p>\n\n\n\n<p class=\"wp-block-paragraph\">La mise \u00e0 jour s&rsquo;est correctement d\u00e9ploy\u00e9e.<\/p>\n","protected":false},"excerpt":{"rendered":"<p>Bonjour, La plateforme de &lsquo;cloud&rsquo; de l&rsquo;IUT sera mise \u00e0 jour vers une nouvelle version majeure ce soir, \u00e0 partir de 20h00 (Nextcloud 28.0.2). Durant la mise \u00e0 jour de la plateforme, il sera impossible d&rsquo;acc\u00e9der \u00e0 la plateforme. Merci de votre compr\u00e9hension. Bonne journ\u00e9e. Le CCRI Mise \u00e0 jour : vendredi 2 f\u00e9vrier 2024 &#8230; <a title=\"Mise \u00e0 jour de la Plateforme de &lsquo;Cloud&rsquo; de l&rsquo;IUT\" class=\"read-more\" href=\"https:\/\/ccri.iut-orsay.fr\/informations\/2024\/02\/mise-a-jour-de-la-plateforme-de-cloud-de-liut-20\/\" aria-label=\"En savoir plus sur Mise \u00e0 jour de la Plateforme de &lsquo;Cloud&rsquo; de l&rsquo;IUT\">Lire la suite<\/a><\/p>\n","protected":false},"author":4,"featured_media":0,"comment_status":"closed","ping_status":"closed","sticky":false,"template":"","format":"standard","meta":{"_crdt_document":"","footnotes":""},"categories":[37,32],"tags":[],"class_list":["post-5214","post","type-post","status-publish","format-standard","hentry","category-maintenance-informatique-iut-orsay","category-maintenance"],"_links":{"self":[{"href":"https:\/\/ccri.iut-orsay.fr\/informations\/wp-json\/wp\/v2\/posts\/5214","targetHints":{"allow":["GET"]}}],"collection":[{"href":"https:\/\/ccri.iut-orsay.fr\/informations\/wp-json\/wp\/v2\/posts"}],"about":[{"href":"https:\/\/ccri.iut-orsay.fr\/informations\/wp-json\/wp\/v2\/types\/post"}],"author":[{"embeddable":true,"href":"https:\/\/ccri.iut-orsay.fr\/informations\/wp-json\/wp\/v2\/users\/4"}],"replies":[{"embeddable":true,"href":"https:\/\/ccri.iut-orsay.fr\/informations\/wp-json\/wp\/v2\/comments?post=5214"}],"version-history":[{"count":3,"href":"https:\/\/ccri.iut-orsay.fr\/informations\/wp-json\/wp\/v2\/posts\/5214\/revisions"}],"predecessor-version":[{"id":5219,"href":"https:\/\/ccri.iut-orsay.fr\/informations\/wp-json\/wp\/v2\/posts\/5214\/revisions\/5219"}],"wp:attachment":[{"href":"https:\/\/ccri.iut-orsay.fr\/informations\/wp-json\/wp\/v2\/media?parent=5214"}],"wp:term":[{"taxonomy":"category","embeddable":true,"href":"https:\/\/ccri.iut-orsay.fr\/informations\/wp-json\/wp\/v2\/categories?post=5214"},{"taxonomy":"post_tag","embeddable":true,"href":"https:\/\/ccri.iut-orsay.fr\/informations\/wp-json\/wp\/v2\/tags?post=5214"}],"curies":[{"name":"wp","href":"https:\/\/api.w.org\/{rel}","templated":true}]}}