{"id":5222,"date":"2024-02-10T22:48:00","date_gmt":"2024-02-10T21:48:00","guid":{"rendered":"https:\/\/ccri.iut-orsay.fr\/informations\/?p=5222"},"modified":"2024-02-11T22:53:10","modified_gmt":"2024-02-11T21:53:10","slug":"mise-a-jour-des-serveurs-35","status":"publish","type":"post","link":"https:\/\/ccri.iut-orsay.fr\/informations\/2024\/02\/mise-a-jour-des-serveurs-35\/","title":{"rendered":"Mise \u00e0 jour des serveurs"},"content":{"rendered":"\n<p class=\"wp-block-paragraph\">Bonjour, <\/p>\n\n\n\n<p class=\"wp-block-paragraph\">Le projet Debian a publi\u00e9 aujourd&rsquo;hui, deux mises \u00e0 jour pour ses distributions Linux : <\/p>\n\n\n\n<ul class=\"wp-block-list\">\n<li>Debian Bookworm <strong>12.5<\/strong><\/li>\n\n\n\n<li>Debian Bullseye <strong>11.9<\/strong><\/li>\n<\/ul>\n\n\n\n<p class=\"wp-block-paragraph\">Les serveurs se mettront \u00e0 jour automatiquement durant la nuit de samedi \u00e0 dimanche.<\/p>\n\n\n\n<p class=\"wp-block-paragraph\">Les serveurs seront red\u00e9marr\u00e9s dimanche en d\u00e9but d&rsquo;apr\u00e8s-midi, pour appliquer les mises \u00e0 jour de s\u00e9curit\u00e9.<\/p>\n\n\n\n<p class=\"wp-block-paragraph\">Durant le red\u00e9marrage des serveurs, les ressources informatiques seront inaccessibles.<\/p>\n\n\n\n<p class=\"wp-block-paragraph\">Merci de votre compr\u00e9hension.<\/p>\n\n\n\n<p class=\"wp-block-paragraph\">Bon week-end.<\/p>\n\n\n\n<p class=\"wp-block-paragraph\">Le CCRI.<\/p>\n\n\n\n<p class=\"wp-block-paragraph\"><strong>Mise \u00e0 jour<\/strong> : dimanche 11 f\u00e9vrier 2024 : <strong>15h00<\/strong><\/p>\n\n\n\n<p class=\"wp-block-paragraph\">Tous les serveurs ont correctement \u00e9t\u00e9 red\u00e9marr\u00e9s.<\/p>\n","protected":false},"excerpt":{"rendered":"<p>Bonjour, Le projet Debian a publi\u00e9 aujourd&rsquo;hui, deux mises \u00e0 jour pour ses distributions Linux : Les serveurs se mettront \u00e0 jour automatiquement durant la nuit de samedi \u00e0 dimanche. Les serveurs seront red\u00e9marr\u00e9s dimanche en d\u00e9but d&rsquo;apr\u00e8s-midi, pour appliquer les mises \u00e0 jour de s\u00e9curit\u00e9. Durant le red\u00e9marrage des serveurs, les ressources informatiques seront &#8230; <a title=\"Mise \u00e0 jour des serveurs\" class=\"read-more\" href=\"https:\/\/ccri.iut-orsay.fr\/informations\/2024\/02\/mise-a-jour-des-serveurs-35\/\" aria-label=\"En savoir plus sur Mise \u00e0 jour des serveurs\">Lire la suite<\/a><\/p>\n","protected":false},"author":4,"featured_media":0,"comment_status":"closed","ping_status":"closed","sticky":false,"template":"","format":"standard","meta":{"_crdt_document":"","footnotes":""},"categories":[37,32],"tags":[],"class_list":["post-5222","post","type-post","status-publish","format-standard","hentry","category-maintenance-informatique-iut-orsay","category-maintenance"],"_links":{"self":[{"href":"https:\/\/ccri.iut-orsay.fr\/informations\/wp-json\/wp\/v2\/posts\/5222","targetHints":{"allow":["GET"]}}],"collection":[{"href":"https:\/\/ccri.iut-orsay.fr\/informations\/wp-json\/wp\/v2\/posts"}],"about":[{"href":"https:\/\/ccri.iut-orsay.fr\/informations\/wp-json\/wp\/v2\/types\/post"}],"author":[{"embeddable":true,"href":"https:\/\/ccri.iut-orsay.fr\/informations\/wp-json\/wp\/v2\/users\/4"}],"replies":[{"embeddable":true,"href":"https:\/\/ccri.iut-orsay.fr\/informations\/wp-json\/wp\/v2\/comments?post=5222"}],"version-history":[{"count":2,"href":"https:\/\/ccri.iut-orsay.fr\/informations\/wp-json\/wp\/v2\/posts\/5222\/revisions"}],"predecessor-version":[{"id":5225,"href":"https:\/\/ccri.iut-orsay.fr\/informations\/wp-json\/wp\/v2\/posts\/5222\/revisions\/5225"}],"wp:attachment":[{"href":"https:\/\/ccri.iut-orsay.fr\/informations\/wp-json\/wp\/v2\/media?parent=5222"}],"wp:term":[{"taxonomy":"category","embeddable":true,"href":"https:\/\/ccri.iut-orsay.fr\/informations\/wp-json\/wp\/v2\/categories?post=5222"},{"taxonomy":"post_tag","embeddable":true,"href":"https:\/\/ccri.iut-orsay.fr\/informations\/wp-json\/wp\/v2\/tags?post=5222"}],"curies":[{"name":"wp","href":"https:\/\/api.w.org\/{rel}","templated":true}]}}