{"id":5500,"date":"2025-07-19T10:08:52","date_gmt":"2025-07-19T08:08:52","guid":{"rendered":"https:\/\/ccri.iut-orsay.fr\/informations\/?p=5500"},"modified":"2025-07-19T20:58:33","modified_gmt":"2025-07-19T18:58:33","slug":"mises-a-jour-estivales-2","status":"publish","type":"post","link":"https:\/\/ccri.iut-orsay.fr\/informations\/2025\/07\/mises-a-jour-estivales-2\/","title":{"rendered":"Mises \u00e0 jour estivales"},"content":{"rendered":"\n<p class=\"wp-block-paragraph\">Bonjour,<\/p>\n\n\n\n<p class=\"wp-block-paragraph\">\u00c0 partir du <strong>vendredi 18 juillet 2026<\/strong>, au soir, des mises \u00e0 jour seront d\u00e9ploy\u00e9es sur les serveurs de l&rsquo;IUT.<\/p>\n\n\n\n<p class=\"wp-block-paragraph\">Ces mises \u00e0 jour, concernent la mise \u00e0 jour de la partie mat\u00e9rielle des serveurs (BIOS, firmwares des cartes r\u00e9seaux, firmwares des contr\u00f4leurs de disques, firmwares des interfaces de gestion, etc &#8230;).<\/p>\n\n\n\n<p class=\"wp-block-paragraph\">Elles seront d\u00e9ploy\u00e9es le soir, \u00e0 partir de <strong>22h00<\/strong>.<\/p>\n\n\n\n<p class=\"wp-block-paragraph\">L&rsquo;op\u00e9ration prend <strong>environ 1h<\/strong> pour chaque serveur.<\/p>\n\n\n\n<p class=\"wp-block-paragraph\">Durant ces op\u00e9rations, les ressources informatiques de l&rsquo;IUT seront partiellement accessibles.<\/p>\n\n\n\n<p class=\"wp-block-paragraph\">Merci de votre compr\u00e9hension.<\/p>\n\n\n\n<p class=\"wp-block-paragraph\">Bonne journ\u00e9e.<\/p>\n\n\n\n<p class=\"wp-block-paragraph\">Le CCRI. <\/p>\n","protected":false},"excerpt":{"rendered":"<p>Bonjour, \u00c0 partir du vendredi 18 juillet 2026, au soir, des mises \u00e0 jour seront d\u00e9ploy\u00e9es sur les serveurs de l&rsquo;IUT. Ces mises \u00e0 jour, concernent la mise \u00e0 jour de la partie mat\u00e9rielle des serveurs (BIOS, firmwares des cartes r\u00e9seaux, firmwares des contr\u00f4leurs de disques, firmwares des interfaces de gestion, etc &#8230;). Elles seront &#8230; <a title=\"Mises \u00e0 jour estivales\" class=\"read-more\" href=\"https:\/\/ccri.iut-orsay.fr\/informations\/2025\/07\/mises-a-jour-estivales-2\/\" aria-label=\"En savoir plus sur Mises \u00e0 jour estivales\">Lire la suite<\/a><\/p>\n","protected":false},"author":4,"featured_media":0,"comment_status":"closed","ping_status":"closed","sticky":false,"template":"","format":"standard","meta":{"_crdt_document":"","footnotes":""},"categories":[37,32],"tags":[],"class_list":["post-5500","post","type-post","status-publish","format-standard","hentry","category-maintenance-informatique-iut-orsay","category-maintenance"],"_links":{"self":[{"href":"https:\/\/ccri.iut-orsay.fr\/informations\/wp-json\/wp\/v2\/posts\/5500","targetHints":{"allow":["GET"]}}],"collection":[{"href":"https:\/\/ccri.iut-orsay.fr\/informations\/wp-json\/wp\/v2\/posts"}],"about":[{"href":"https:\/\/ccri.iut-orsay.fr\/informations\/wp-json\/wp\/v2\/types\/post"}],"author":[{"embeddable":true,"href":"https:\/\/ccri.iut-orsay.fr\/informations\/wp-json\/wp\/v2\/users\/4"}],"replies":[{"embeddable":true,"href":"https:\/\/ccri.iut-orsay.fr\/informations\/wp-json\/wp\/v2\/comments?post=5500"}],"version-history":[{"count":2,"href":"https:\/\/ccri.iut-orsay.fr\/informations\/wp-json\/wp\/v2\/posts\/5500\/revisions"}],"predecessor-version":[{"id":5502,"href":"https:\/\/ccri.iut-orsay.fr\/informations\/wp-json\/wp\/v2\/posts\/5500\/revisions\/5502"}],"wp:attachment":[{"href":"https:\/\/ccri.iut-orsay.fr\/informations\/wp-json\/wp\/v2\/media?parent=5500"}],"wp:term":[{"taxonomy":"category","embeddable":true,"href":"https:\/\/ccri.iut-orsay.fr\/informations\/wp-json\/wp\/v2\/categories?post=5500"},{"taxonomy":"post_tag","embeddable":true,"href":"https:\/\/ccri.iut-orsay.fr\/informations\/wp-json\/wp\/v2\/tags?post=5500"}],"curies":[{"name":"wp","href":"https:\/\/api.w.org\/{rel}","templated":true}]}}