{"id":5503,"date":"2025-07-19T21:19:27","date_gmt":"2025-07-19T19:19:27","guid":{"rendered":"https:\/\/ccri.iut-orsay.fr\/informations\/?p=5503"},"modified":"2025-07-19T21:19:28","modified_gmt":"2025-07-19T19:19:28","slug":"mise-a-jour-du-systeme-dexploitation-des-serveurs-8","status":"publish","type":"post","link":"https:\/\/ccri.iut-orsay.fr\/informations\/2025\/07\/mise-a-jour-du-systeme-dexploitation-des-serveurs-8\/","title":{"rendered":"Mise \u00e0 jour du syst\u00e8me d&rsquo;exploitation des serveurs"},"content":{"rendered":"\n<p class=\"wp-block-paragraph\">Bonsoir,<\/p>\n\n\n\n<p class=\"wp-block-paragraph\">Le projet Debian, vient d&rsquo;annoncer la date de sortie de la prochaine version de son syst\u00e8me d&rsquo;exploitation : Linux Debian 13.0 (trixie).<\/p>\n\n\n\n<p class=\"wp-block-paragraph\">La nouvelle version est pr\u00e9vue pour le <span style=\"text-decoration: underline;\">samedi 9 ao\u00fbt 2025<\/span>.<\/p>\n\n\n\n<p class=\"wp-block-paragraph\">Plusieurs interventions seront planifi\u00e9s du <strong>lundi 11 ao\u00fbt<\/strong> au <strong>dimanche 17 ao\u00fbt<\/strong> pour migrer progressivement les serveurs physiques de Debian 12 vers Debian 13.<\/p>\n\n\n\n<p class=\"wp-block-paragraph\">Il y aura donc des interruptions de services, qui auront lieu en fin de soir\u00e9e ou dans la nuit.<\/p>\n\n\n\n<p class=\"wp-block-paragraph\"> L&rsquo;article sera mis \u00e0 jour avec le d\u00e9tail des interventions au fur et \u00e0 mesure.<\/p>\n\n\n\n<p class=\"wp-block-paragraph\">D\u00e9sol\u00e9, par avance, pour la g\u00eane occasionn\u00e9e.<\/p>\n\n\n\n<p class=\"wp-block-paragraph\">Bonne soir\u00e9e.<\/p>\n\n\n\n<p class=\"wp-block-paragraph\">Le CCRI.<\/p>\n\n\n\n<p class=\"wp-block-paragraph\"><\/p>\n","protected":false},"excerpt":{"rendered":"<p>Bonsoir, Le projet Debian, vient d&rsquo;annoncer la date de sortie de la prochaine version de son syst\u00e8me d&rsquo;exploitation : Linux Debian 13.0 (trixie). La nouvelle version est pr\u00e9vue pour le samedi 9 ao\u00fbt 2025. Plusieurs interventions seront planifi\u00e9s du lundi 11 ao\u00fbt au dimanche 17 ao\u00fbt pour migrer progressivement les serveurs physiques de Debian 12 &#8230; <a title=\"Mise \u00e0 jour du syst\u00e8me d&rsquo;exploitation des serveurs\" class=\"read-more\" href=\"https:\/\/ccri.iut-orsay.fr\/informations\/2025\/07\/mise-a-jour-du-systeme-dexploitation-des-serveurs-8\/\" aria-label=\"En savoir plus sur Mise \u00e0 jour du syst\u00e8me d&rsquo;exploitation des serveurs\">Lire la suite<\/a><\/p>\n","protected":false},"author":4,"featured_media":0,"comment_status":"closed","ping_status":"closed","sticky":false,"template":"","format":"standard","meta":{"_crdt_document":"","footnotes":""},"categories":[37,32],"tags":[],"class_list":["post-5503","post","type-post","status-publish","format-standard","hentry","category-maintenance-informatique-iut-orsay","category-maintenance"],"_links":{"self":[{"href":"https:\/\/ccri.iut-orsay.fr\/informations\/wp-json\/wp\/v2\/posts\/5503","targetHints":{"allow":["GET"]}}],"collection":[{"href":"https:\/\/ccri.iut-orsay.fr\/informations\/wp-json\/wp\/v2\/posts"}],"about":[{"href":"https:\/\/ccri.iut-orsay.fr\/informations\/wp-json\/wp\/v2\/types\/post"}],"author":[{"embeddable":true,"href":"https:\/\/ccri.iut-orsay.fr\/informations\/wp-json\/wp\/v2\/users\/4"}],"replies":[{"embeddable":true,"href":"https:\/\/ccri.iut-orsay.fr\/informations\/wp-json\/wp\/v2\/comments?post=5503"}],"version-history":[{"count":1,"href":"https:\/\/ccri.iut-orsay.fr\/informations\/wp-json\/wp\/v2\/posts\/5503\/revisions"}],"predecessor-version":[{"id":5504,"href":"https:\/\/ccri.iut-orsay.fr\/informations\/wp-json\/wp\/v2\/posts\/5503\/revisions\/5504"}],"wp:attachment":[{"href":"https:\/\/ccri.iut-orsay.fr\/informations\/wp-json\/wp\/v2\/media?parent=5503"}],"wp:term":[{"taxonomy":"category","embeddable":true,"href":"https:\/\/ccri.iut-orsay.fr\/informations\/wp-json\/wp\/v2\/categories?post=5503"},{"taxonomy":"post_tag","embeddable":true,"href":"https:\/\/ccri.iut-orsay.fr\/informations\/wp-json\/wp\/v2\/tags?post=5503"}],"curies":[{"name":"wp","href":"https:\/\/api.w.org\/{rel}","templated":true}]}}