{"id":5530,"date":"2025-10-16T14:15:00","date_gmt":"2025-10-16T12:15:00","guid":{"rendered":"https:\/\/ccri.iut-orsay.fr\/informations\/?p=5530"},"modified":"2025-10-27T14:01:54","modified_gmt":"2025-10-27T13:01:54","slug":"migration-du-serveur-intranet","status":"publish","type":"post","link":"https:\/\/ccri.iut-orsay.fr\/informations\/2025\/10\/migration-du-serveur-intranet\/","title":{"rendered":"Migration du serveur &lsquo;Intranet&rsquo;"},"content":{"rendered":"\n<p class=\"wp-block-paragraph\">Bonjour,<\/p>\n\n\n\n<p class=\"wp-block-paragraph\">Une op\u00e9ration de maintenance aura lieu sur le serveur qui h\u00e9berge l&rsquo;intranet de l&rsquo;IUT, le <span style=\"text-decoration: underline;\">vendredi 24 octobre 2025<\/span>.<\/p>\n\n\n\n<p class=\"wp-block-paragraph\">Le serveur sera migr\u00e9 vers la nouvelle version du syst\u00e8me d&rsquo;exploitation Debian (Debian 13) \u00e0 partir de <strong>22h00<\/strong>.<\/p>\n\n\n\n<p class=\"wp-block-paragraph\">L&rsquo;intervention compl\u00e8te devrait durer<strong> 1h00<\/strong>.<\/p>\n\n\n\n<p class=\"wp-block-paragraph\">D\u00e9sol\u00e9 pour la g\u00eane occasionn\u00e9e.<\/p>\n\n\n\n<p class=\"wp-block-paragraph\">Bonne journ\u00e9e.<\/p>\n\n\n\n<p class=\"wp-block-paragraph\">Le CCRI.<\/p>\n\n\n\n<p class=\"wp-block-paragraph\"><strong>Mise \u00e0 jour<\/strong> : vendredi 24 octobre 2025 : <strong>22h04<\/strong><\/p>\n\n\n\n<p class=\"wp-block-paragraph\">L&rsquo;intervention a d\u00e9but\u00e9.<\/p>\n\n\n\n<p class=\"wp-block-paragraph\"><strong>Mise \u00e0 jour<\/strong> : vendredi 24 octobre 2025 : <strong>22h50<\/strong><\/p>\n\n\n\n<p class=\"wp-block-paragraph\">L&rsquo;intervient est termin\u00e9e.<\/p>\n","protected":false},"excerpt":{"rendered":"<p>Bonjour, Une op\u00e9ration de maintenance aura lieu sur le serveur qui h\u00e9berge l&rsquo;intranet de l&rsquo;IUT, le vendredi 24 octobre 2025. Le serveur sera migr\u00e9 vers la nouvelle version du syst\u00e8me d&rsquo;exploitation Debian (Debian 13) \u00e0 partir de 22h00. L&rsquo;intervention compl\u00e8te devrait durer 1h00. D\u00e9sol\u00e9 pour la g\u00eane occasionn\u00e9e. Bonne journ\u00e9e. Le CCRI. Mise \u00e0 jour &#8230; <a title=\"Migration du serveur &lsquo;Intranet&rsquo;\" class=\"read-more\" href=\"https:\/\/ccri.iut-orsay.fr\/informations\/2025\/10\/migration-du-serveur-intranet\/\" aria-label=\"En savoir plus sur Migration du serveur &lsquo;Intranet&rsquo;\">Lire la suite<\/a><\/p>\n","protected":false},"author":4,"featured_media":0,"comment_status":"closed","ping_status":"closed","sticky":false,"template":"","format":"standard","meta":{"_crdt_document":"","footnotes":""},"categories":[37,32],"tags":[],"class_list":["post-5530","post","type-post","status-publish","format-standard","hentry","category-maintenance-informatique-iut-orsay","category-maintenance"],"_links":{"self":[{"href":"https:\/\/ccri.iut-orsay.fr\/informations\/wp-json\/wp\/v2\/posts\/5530","targetHints":{"allow":["GET"]}}],"collection":[{"href":"https:\/\/ccri.iut-orsay.fr\/informations\/wp-json\/wp\/v2\/posts"}],"about":[{"href":"https:\/\/ccri.iut-orsay.fr\/informations\/wp-json\/wp\/v2\/types\/post"}],"author":[{"embeddable":true,"href":"https:\/\/ccri.iut-orsay.fr\/informations\/wp-json\/wp\/v2\/users\/4"}],"replies":[{"embeddable":true,"href":"https:\/\/ccri.iut-orsay.fr\/informations\/wp-json\/wp\/v2\/comments?post=5530"}],"version-history":[{"count":1,"href":"https:\/\/ccri.iut-orsay.fr\/informations\/wp-json\/wp\/v2\/posts\/5530\/revisions"}],"predecessor-version":[{"id":5531,"href":"https:\/\/ccri.iut-orsay.fr\/informations\/wp-json\/wp\/v2\/posts\/5530\/revisions\/5531"}],"wp:attachment":[{"href":"https:\/\/ccri.iut-orsay.fr\/informations\/wp-json\/wp\/v2\/media?parent=5530"}],"wp:term":[{"taxonomy":"category","embeddable":true,"href":"https:\/\/ccri.iut-orsay.fr\/informations\/wp-json\/wp\/v2\/categories?post=5530"},{"taxonomy":"post_tag","embeddable":true,"href":"https:\/\/ccri.iut-orsay.fr\/informations\/wp-json\/wp\/v2\/tags?post=5530"}],"curies":[{"name":"wp","href":"https:\/\/api.w.org\/{rel}","templated":true}]}}