{"id":5570,"date":"2026-03-12T23:00:37","date_gmt":"2026-03-12T22:00:37","guid":{"rendered":"https:\/\/ccri.iut-orsay.fr\/informations\/?p=5570"},"modified":"2026-03-13T20:44:55","modified_gmt":"2026-03-13T19:44:55","slug":"mise-a-jour-des-serveurs-39","status":"publish","type":"post","link":"https:\/\/ccri.iut-orsay.fr\/informations\/2026\/03\/mise-a-jour-des-serveurs-39\/","title":{"rendered":"Mise \u00e0 jour des serveurs"},"content":{"rendered":"\n<p class=\"wp-block-paragraph\">Bonsoir,<\/p>\n\n\n\n<p class=\"wp-block-paragraph\">Le projet Debian, vient de publier une mise \u00e0 jour du noyau Linux, pour sa distribution.<\/p>\n\n\n\n<p class=\"wp-block-paragraph\">Le routeur \/ pare-feu de l&rsquo;IUT vient d&rsquo;\u00eatre mis \u00e0 jour et vient d&rsquo;\u00eatre red\u00e9marr\u00e9 pour appliquer les correctifs de s\u00e9curit\u00e9.<\/p>\n\n\n\n<p class=\"wp-block-paragraph\">Les autres serveurs de l&rsquo;IUT seront red\u00e9marr\u00e9s demain matin.<\/p>\n\n\n\n<p class=\"wp-block-paragraph\">Durant le red\u00e9marrage des serveurs, les ressources informatiques seront indisponibles quelques minutes (<strong>2 \u00e0 3 minutes<\/strong>).<\/p>\n\n\n\n<p class=\"wp-block-paragraph\">Merci de votre compr\u00e9hension.<\/p>\n\n\n\n<p class=\"wp-block-paragraph\">Bonne soir\u00e9e.<\/p>\n\n\n\n<p class=\"wp-block-paragraph\">Le CCRI.<\/p>\n\n\n\n<p class=\"wp-block-paragraph\"><strong>Mise \u00e0 jour<\/strong> : jeudi 12 mars 2026 : <strong>22h37<\/strong><\/p>\n\n\n\n<p class=\"wp-block-paragraph\">Le routeur \/ pare-feu de l&rsquo;IUT a bien \u00e9t\u00e9 red\u00e9marr\u00e9 pour appliquer les correctifs de s\u00e9curit\u00e9.<\/p>\n\n\n\n<p class=\"wp-block-paragraph\"><strong>Mise \u00e0 jour<\/strong> : vendredi 13 mars 2026 : <strong>20h45<\/strong><\/p>\n\n\n\n<p class=\"wp-block-paragraph\">Tous les serveurs ont bien \u00e9t\u00e9 red\u00e9marr\u00e9s pour appliquer les correctifs de s\u00e9curit\u00e9.<\/p>\n","protected":false},"excerpt":{"rendered":"<p>Bonsoir, Le projet Debian, vient de publier une mise \u00e0 jour du noyau Linux, pour sa distribution. Le routeur \/ pare-feu de l&rsquo;IUT vient d&rsquo;\u00eatre mis \u00e0 jour et vient d&rsquo;\u00eatre red\u00e9marr\u00e9 pour appliquer les correctifs de s\u00e9curit\u00e9. Les autres serveurs de l&rsquo;IUT seront red\u00e9marr\u00e9s demain matin. Durant le red\u00e9marrage des serveurs, les ressources informatiques &#8230; <a title=\"Mise \u00e0 jour des serveurs\" class=\"read-more\" href=\"https:\/\/ccri.iut-orsay.fr\/informations\/2026\/03\/mise-a-jour-des-serveurs-39\/\" aria-label=\"En savoir plus sur Mise \u00e0 jour des serveurs\">Lire la suite<\/a><\/p>\n","protected":false},"author":4,"featured_media":0,"comment_status":"closed","ping_status":"closed","sticky":false,"template":"","format":"standard","meta":{"_crdt_document":"","footnotes":""},"categories":[37,32],"tags":[],"class_list":["post-5570","post","type-post","status-publish","format-standard","hentry","category-maintenance-informatique-iut-orsay","category-maintenance"],"_links":{"self":[{"href":"https:\/\/ccri.iut-orsay.fr\/informations\/wp-json\/wp\/v2\/posts\/5570","targetHints":{"allow":["GET"]}}],"collection":[{"href":"https:\/\/ccri.iut-orsay.fr\/informations\/wp-json\/wp\/v2\/posts"}],"about":[{"href":"https:\/\/ccri.iut-orsay.fr\/informations\/wp-json\/wp\/v2\/types\/post"}],"author":[{"embeddable":true,"href":"https:\/\/ccri.iut-orsay.fr\/informations\/wp-json\/wp\/v2\/users\/4"}],"replies":[{"embeddable":true,"href":"https:\/\/ccri.iut-orsay.fr\/informations\/wp-json\/wp\/v2\/comments?post=5570"}],"version-history":[{"count":3,"href":"https:\/\/ccri.iut-orsay.fr\/informations\/wp-json\/wp\/v2\/posts\/5570\/revisions"}],"predecessor-version":[{"id":5575,"href":"https:\/\/ccri.iut-orsay.fr\/informations\/wp-json\/wp\/v2\/posts\/5570\/revisions\/5575"}],"wp:attachment":[{"href":"https:\/\/ccri.iut-orsay.fr\/informations\/wp-json\/wp\/v2\/media?parent=5570"}],"wp:term":[{"taxonomy":"category","embeddable":true,"href":"https:\/\/ccri.iut-orsay.fr\/informations\/wp-json\/wp\/v2\/categories?post=5570"},{"taxonomy":"post_tag","embeddable":true,"href":"https:\/\/ccri.iut-orsay.fr\/informations\/wp-json\/wp\/v2\/tags?post=5570"}],"curies":[{"name":"wp","href":"https:\/\/api.w.org\/{rel}","templated":true}]}}